{"id":23552,"date":"2026-08-29T12:49:16","date_gmt":"2026-08-29T10:49:16","guid":{"rendered":"https:\/\/www.display-magazin.ch\/pabllo-vittar-urias-body-type-morceau-pour-la-nuit\/"},"modified":"2026-08-29T12:49:16","modified_gmt":"2026-08-29T10:49:16","slug":"pabllo-vittar-urias-body-type-morceau-pour-la-nuit","status":"publish","type":"post","link":"https:\/\/www.display-magazin.ch\/fr\/pabllo-vittar-urias-body-type-morceau-pour-la-nuit\/","title":{"rendered":"Une drag queen. Une femme trans. Un morceau pour la nuit."},"content":{"rendered":"<p>Pabllo Vittar n\u2019a plus vraiment besoin d\u2019\u00eatre pr\u00e9sent\u00e9e. La drag queen br\u00e9silienne est depuis longtemps une popstar mondiale \u2013 et la <strong>plus grande chanteuse drag du monde<\/strong>. De \u00abSua Cara\u00bb avec <strong>Anitta<\/strong> et <strong>Major Lazer<\/strong> \u00e0 sa collaboration avec <strong>Lady Gaga<\/strong>, jusqu\u2019\u00e0 son apparition aux c\u00f4t\u00e9s de <strong>Madonna<\/strong> \u00e0 <strong>Copacabana<\/strong>: Vittar a d\u00e9finitivement propuls\u00e9 le drag dans le paysage pop international. En 2022, elle \u00e9tait la premi\u00e8re drag queen \u00e0 se produire \u00e0 <strong>Coachella<\/strong>. Et puis est arriv\u00e9 <strong>\u00abAlibi\u00bb<\/strong>: avec <strong>Sevdaliza<\/strong> et <strong>Yseult<\/strong>, Vittar a sign\u00e9 en 2024 un tube mondial, grimp\u00e9 jusqu\u2019\u00e0 la 12e place des Spotify Global Charts.<\/p>\n<p>Pour \u00abBody Type\u00bb, elle s\u2019entoure d\u00e9sormais d\u2019Urias. La chanteuse noire et trans fait partie d\u2019une nouvelle g\u00e9n\u00e9ration d\u2019artistes br\u00e9siliennes qui m\u00ealent pop, R&amp;B et sonorit\u00e9s \u00e9lectroniques \u00e0 une esth\u00e9tique r\u00e9solument personnelle. Depuis sa perc\u00e9e avec \u00ab<strong>Diaba<\/strong>\u00bb, Urias s\u2019est fait un nom avec ses albums <strong><em>F\u00faria<\/em><\/strong>, <strong><em>Her Mind<\/em><\/strong> et <strong><em>Carranca<\/em><\/strong>. Pour toutes deux, ce n\u2019est pas la premi\u00e8re rencontre: \u00abBody Type\u00bb est d\u00e9j\u00e0 leur troisi\u00e8me sortie commune.<\/p>\n<figure>\n\t\t\t\t\t\t\t\t\t\t<img decoding=\"async\" width=\"502\" height=\"501\" src=\"https:\/\/www.display-magazin.ch\/wp-content\/uploads\/2026\/08\/Captura-de-tela-2026-08-27-132646.png\" alt=\"\" loading=\"lazy\" srcset=\"https:\/\/www.display-magazin.ch\/wp-content\/uploads\/2026\/08\/Captura-de-tela-2026-08-27-132646.png 502w, https:\/\/www.display-magazin.ch\/wp-content\/uploads\/2026\/08\/Captura-de-tela-2026-08-27-132646-300x300.png 300w, https:\/\/www.display-magazin.ch\/wp-content\/uploads\/2026\/08\/Captura-de-tela-2026-08-27-132646-100x100.png 100w\" sizes=\"auto, (max-width: 502px) 100vw, 502px\" \/><figcaption>Photo: Carranca Urias | Spotify<\/figcaption><\/figure>\n<p>Le nouveau titre para\u00eet comme deuxi\u00e8me single du septi\u00e8me album studio de Vittar, <strong><em>Lost in Lust<\/em><\/strong>. Et c\u2019est peut-\u00eatre la meilleure description de ce duo: Vittar apporte l\u2019attitude pop globale, Urias le tranchant exp\u00e9rimental. Deux artistes queer br\u00e9siliennes, deux \u00e9nergies diff\u00e9rentes \u2013 et un but commun: <strong>te faire danser.<\/strong><\/p>\n<p>Vous voyez actuellement un contenu de substitution de <strong>YouTube<\/strong>. Pour acc\u00e9der au contenu r\u00e9el, cliquez sur le bouton ci-dessous. Veuillez noter que des donn\u00e9es seront alors transmises \u00e0 des tiers.<\/p>\n<p> <a href=\"#\" data-borlabs-cookie-show-provider-information role=\"button\">Plus d\u2019informations<\/a>   <a href=\"#\" data-borlabs-cookie-unblock role=\"button\">D\u00e9bloquer le contenu<\/a> <a href=\"#\" data-borlabs-cookie-accept-service role=\"button\" style=\"display: inherit\">Accepter le service requis et d\u00e9bloquer les contenus<\/a><\/p>\n<p><em>Texte: Andreas Koch.<\/em><\/p>\n<p><em>Traduit de l\u2019allemand \u2013 article paru sur display-magazin.ch.<\/em><\/p>\n","protected":false},"excerpt":{"rendered":"<p>Le Br\u00e9sil r\u00e9unit deux de ses stars pop queer les plus connues: Pabllo Vittar et Urias sortent \u00abBody Type\u00bb \u2013 un titre qui file droit sur le dancefloor.<\/p>\n","protected":false},"author":72,"featured_media":23495,"comment_status":"","ping_status":"open","sticky":false,"template":"","format":"standard","meta":{"footnotes":""},"categories":[493],"tags":[],"class_list":["post-23552","post","type-post","status-publish","format-standard","has-post-thumbnail","hentry","category-musique"],"yoast_head":"<!-- This site is optimized with the Yoast SEO plugin v27.9 - https:\/\/yoast.com\/product\/yoast-seo-wordpress\/ -->\n<title>Une drag queen. Une femme trans. Un morceau pour la nuit. | DISPLAY Magazin<\/title>\n<meta name=\"description\" content=\"Le Br\u00e9sil r\u00e9unit deux de ses stars pop queer les plus connues: Pabllo Vittar et Urias sortent \u00abBody Type\u00bb \u2013 un titre qui file droit sur le dancefloor.\" \/>\n<meta name=\"robots\" content=\"index, follow, max-snippet:-1, max-image-preview:large, max-video-preview:-1\" \/>\n<link rel=\"canonical\" href=\"https:\/\/www.display-magazin.ch\/fr\/pabllo-vittar-urias-body-type-morceau-pour-la-nuit\/\" \/>\n<meta property=\"og:locale\" content=\"fr_FR\" \/>\n<meta property=\"og:type\" content=\"article\" \/>\n<meta property=\"og:title\" content=\"Une drag queen. Une femme trans. Un morceau pour la nuit. | DISPLAY Magazin\" \/>\n<meta property=\"og:description\" content=\"Le Br\u00e9sil r\u00e9unit deux de ses stars pop queer les plus connues: Pabllo Vittar et Urias sortent \u00abBody Type\u00bb \u2013 un titre qui file droit sur le dancefloor.\" \/>\n<meta property=\"og:url\" content=\"https:\/\/www.display-magazin.ch\/fr\/pabllo-vittar-urias-body-type-morceau-pour-la-nuit\/\" \/>\n<meta property=\"og:site_name\" content=\"DISPLAY Magazin\" \/>\n<meta property=\"article:publisher\" content=\"https:\/\/www.facebook.com\/displaymagazin\" \/>\n<meta property=\"article:published_time\" content=\"2026-08-29T10:49:16+00:00\" \/>\n<meta property=\"og:image\" content=\"https:\/\/www.display-magazin.ch\/wp-content\/uploads\/2026\/08\/Captura-de-tela-2026-08-27-132646.png\" \/>\n<meta name=\"author\" content=\"Andreas Koch\" \/>\n<meta name=\"twitter:card\" content=\"summary_large_image\" \/>\n<meta name=\"twitter:label1\" content=\"\u00c9crit par\" \/>\n\t<meta name=\"twitter:data1\" content=\"Andreas Koch\" \/>\n\t<meta name=\"twitter:label2\" content=\"Dur\u00e9e de lecture estim\u00e9e\" \/>\n\t<meta name=\"twitter:data2\" content=\"2 minutes\" \/>\n<script type=\"application\/ld+json\" class=\"yoast-schema-graph\">{\"@context\":\"https:\\\/\\\/schema.org\",\"@graph\":[{\"@type\":\"Article\",\"@id\":\"https:\\\/\\\/www.display-magazin.ch\\\/fr\\\/pabllo-vittar-urias-body-type-morceau-pour-la-nuit\\\/#article\",\"isPartOf\":{\"@id\":\"https:\\\/\\\/www.display-magazin.ch\\\/fr\\\/pabllo-vittar-urias-body-type-morceau-pour-la-nuit\\\/\"},\"author\":{\"name\":\"Andreas Koch\",\"@id\":\"https:\\\/\\\/www.display-magazin.ch\\\/fr\\\/#\\\/schema\\\/person\\\/8d10c93aa28db54b8c7102228b3d796c\"},\"headline\":\"Une drag queen. Une femme trans. Un morceau pour la nuit.\",\"datePublished\":\"2026-08-29T10:49:16+00:00\",\"mainEntityOfPage\":{\"@id\":\"https:\\\/\\\/www.display-magazin.ch\\\/fr\\\/pabllo-vittar-urias-body-type-morceau-pour-la-nuit\\\/\"},\"wordCount\":320,\"publisher\":{\"@id\":\"https:\\\/\\\/www.display-magazin.ch\\\/fr\\\/#organization\"},\"image\":{\"@id\":\"https:\\\/\\\/www.display-magazin.ch\\\/fr\\\/pabllo-vittar-urias-body-type-morceau-pour-la-nuit\\\/#primaryimage\"},\"thumbnailUrl\":\"https:\\\/\\\/www.display-magazin.ch\\\/wp-content\\\/uploads\\\/2026\\\/08\\\/pablobodytype.avif\",\"articleSection\":[\"Musique\"],\"inLanguage\":\"fr-FR\"},{\"@type\":\"WebPage\",\"@id\":\"https:\\\/\\\/www.display-magazin.ch\\\/fr\\\/pabllo-vittar-urias-body-type-morceau-pour-la-nuit\\\/\",\"url\":\"https:\\\/\\\/www.display-magazin.ch\\\/fr\\\/pabllo-vittar-urias-body-type-morceau-pour-la-nuit\\\/\",\"name\":\"Une drag queen. Une femme trans. Un morceau pour la nuit. | DISPLAY Magazin\",\"isPartOf\":{\"@id\":\"https:\\\/\\\/www.display-magazin.ch\\\/fr\\\/#website\"},\"primaryImageOfPage\":{\"@id\":\"https:\\\/\\\/www.display-magazin.ch\\\/fr\\\/pabllo-vittar-urias-body-type-morceau-pour-la-nuit\\\/#primaryimage\"},\"image\":{\"@id\":\"https:\\\/\\\/www.display-magazin.ch\\\/fr\\\/pabllo-vittar-urias-body-type-morceau-pour-la-nuit\\\/#primaryimage\"},\"thumbnailUrl\":\"https:\\\/\\\/www.display-magazin.ch\\\/wp-content\\\/uploads\\\/2026\\\/08\\\/pablobodytype.avif\",\"datePublished\":\"2026-08-29T10:49:16+00:00\",\"description\":\"Le Br\u00e9sil r\u00e9unit deux de ses stars pop queer les plus connues: Pabllo Vittar et Urias sortent \u00abBody Type\u00bb \u2013 un titre qui file droit sur le dancefloor.\",\"breadcrumb\":{\"@id\":\"https:\\\/\\\/www.display-magazin.ch\\\/fr\\\/pabllo-vittar-urias-body-type-morceau-pour-la-nuit\\\/#breadcrumb\"},\"inLanguage\":\"fr-FR\",\"potentialAction\":[{\"@type\":\"ReadAction\",\"target\":[\"https:\\\/\\\/www.display-magazin.ch\\\/fr\\\/pabllo-vittar-urias-body-type-morceau-pour-la-nuit\\\/\"]}]},{\"@type\":\"ImageObject\",\"inLanguage\":\"fr-FR\",\"@id\":\"https:\\\/\\\/www.display-magazin.ch\\\/fr\\\/pabllo-vittar-urias-body-type-morceau-pour-la-nuit\\\/#primaryimage\",\"url\":\"https:\\\/\\\/www.display-magazin.ch\\\/wp-content\\\/uploads\\\/2026\\\/08\\\/pablobodytype.avif\",\"contentUrl\":\"https:\\\/\\\/www.display-magazin.ch\\\/wp-content\\\/uploads\\\/2026\\\/08\\\/pablobodytype.avif\",\"width\":1008,\"height\":1008,\"caption\":\"Bild: Body Type | Pabllo Vittar\"},{\"@type\":\"BreadcrumbList\",\"@id\":\"https:\\\/\\\/www.display-magazin.ch\\\/fr\\\/pabllo-vittar-urias-body-type-morceau-pour-la-nuit\\\/#breadcrumb\",\"itemListElement\":[{\"@type\":\"ListItem\",\"position\":1,\"name\":\"Startseite\",\"item\":\"https:\\\/\\\/www.display-magazin.ch\\\/fr\\\/home\\\/\"},{\"@type\":\"ListItem\",\"position\":2,\"name\":\"Une drag queen. Une femme trans. Un morceau pour la nuit.\"}]},{\"@type\":\"WebSite\",\"@id\":\"https:\\\/\\\/www.display-magazin.ch\\\/fr\\\/#website\",\"url\":\"https:\\\/\\\/www.display-magazin.ch\\\/fr\\\/\",\"name\":\"DISPLAY Magazin\",\"description\":\"Das Schweizer Lifestyle-Magazin f\u00fcr Gay and Friends\",\"publisher\":{\"@id\":\"https:\\\/\\\/www.display-magazin.ch\\\/fr\\\/#organization\"},\"potentialAction\":[{\"@type\":\"SearchAction\",\"target\":{\"@type\":\"EntryPoint\",\"urlTemplate\":\"https:\\\/\\\/www.display-magazin.ch\\\/fr\\\/?s={search_term_string}\"},\"query-input\":{\"@type\":\"PropertyValueSpecification\",\"valueRequired\":true,\"valueName\":\"search_term_string\"}}],\"inLanguage\":\"fr-FR\"},{\"@type\":\"Organization\",\"@id\":\"https:\\\/\\\/www.display-magazin.ch\\\/fr\\\/#organization\",\"name\":\"DISPLAY Magazin\",\"url\":\"https:\\\/\\\/www.display-magazin.ch\\\/fr\\\/\",\"logo\":{\"@type\":\"ImageObject\",\"inLanguage\":\"fr-FR\",\"@id\":\"https:\\\/\\\/www.display-magazin.ch\\\/fr\\\/#\\\/schema\\\/logo\\\/image\\\/\",\"url\":\"https:\\\/\\\/www.display-magazin.ch\\\/wp-content\\\/uploads\\\/2026\\\/03\\\/display_web-logo.png\",\"contentUrl\":\"https:\\\/\\\/www.display-magazin.ch\\\/wp-content\\\/uploads\\\/2026\\\/03\\\/display_web-logo.png\",\"width\":411,\"height\":546,\"caption\":\"DISPLAY Magazin\"},\"image\":{\"@id\":\"https:\\\/\\\/www.display-magazin.ch\\\/fr\\\/#\\\/schema\\\/logo\\\/image\\\/\"},\"sameAs\":[\"https:\\\/\\\/www.facebook.com\\\/displaymagazin\",\"https:\\\/\\\/www.instagram.com\\\/display.magazin\\\/\"]},{\"@type\":\"Person\",\"@id\":\"https:\\\/\\\/www.display-magazin.ch\\\/fr\\\/#\\\/schema\\\/person\\\/8d10c93aa28db54b8c7102228b3d796c\",\"name\":\"Andreas Koch\",\"image\":{\"@type\":\"ImageObject\",\"inLanguage\":\"fr-FR\",\"@id\":\"https:\\\/\\\/www.display-magazin.ch\\\/wp-content\\\/uploads\\\/2026\\\/03\\\/logo_ohneSchrift-e1774598483338-100x100.png\",\"url\":\"https:\\\/\\\/www.display-magazin.ch\\\/wp-content\\\/uploads\\\/2026\\\/03\\\/logo_ohneSchrift-e1774598483338-100x100.png\",\"contentUrl\":\"https:\\\/\\\/www.display-magazin.ch\\\/wp-content\\\/uploads\\\/2026\\\/03\\\/logo_ohneSchrift-e1774598483338-100x100.png\",\"caption\":\"Andreas Koch\"}}]}<\/script>\n<!-- \/ Yoast SEO plugin. -->","yoast_head_json":{"title":"Une drag queen. Une femme trans. Un morceau pour la nuit. | DISPLAY Magazin","description":"Le Br\u00e9sil r\u00e9unit deux de ses stars pop queer les plus connues: Pabllo Vittar et Urias sortent \u00abBody Type\u00bb \u2013 un titre qui file droit sur le dancefloor.","robots":{"index":"index","follow":"follow","max-snippet":"max-snippet:-1","max-image-preview":"max-image-preview:large","max-video-preview":"max-video-preview:-1"},"canonical":"https:\/\/www.display-magazin.ch\/fr\/pabllo-vittar-urias-body-type-morceau-pour-la-nuit\/","og_locale":"fr_FR","og_type":"article","og_title":"Une drag queen. Une femme trans. Un morceau pour la nuit. | DISPLAY Magazin","og_description":"Le Br\u00e9sil r\u00e9unit deux de ses stars pop queer les plus connues: Pabllo Vittar et Urias sortent \u00abBody Type\u00bb \u2013 un titre qui file droit sur le dancefloor.","og_url":"https:\/\/www.display-magazin.ch\/fr\/pabllo-vittar-urias-body-type-morceau-pour-la-nuit\/","og_site_name":"DISPLAY Magazin","article_publisher":"https:\/\/www.facebook.com\/displaymagazin","article_published_time":"2026-08-29T10:49:16+00:00","og_image":[{"url":"https:\/\/www.display-magazin.ch\/wp-content\/uploads\/2026\/08\/Captura-de-tela-2026-08-27-132646.png","type":"","width":"","height":""}],"author":"Andreas Koch","twitter_card":"summary_large_image","twitter_misc":{"\u00c9crit par":"Andreas Koch","Dur\u00e9e de lecture estim\u00e9e":"2 minutes"},"schema":{"@context":"https:\/\/schema.org","@graph":[{"@type":"Article","@id":"https:\/\/www.display-magazin.ch\/fr\/pabllo-vittar-urias-body-type-morceau-pour-la-nuit\/#article","isPartOf":{"@id":"https:\/\/www.display-magazin.ch\/fr\/pabllo-vittar-urias-body-type-morceau-pour-la-nuit\/"},"author":{"name":"Andreas Koch","@id":"https:\/\/www.display-magazin.ch\/fr\/#\/schema\/person\/8d10c93aa28db54b8c7102228b3d796c"},"headline":"Une drag queen. Une femme trans. Un morceau pour la nuit.","datePublished":"2026-08-29T10:49:16+00:00","mainEntityOfPage":{"@id":"https:\/\/www.display-magazin.ch\/fr\/pabllo-vittar-urias-body-type-morceau-pour-la-nuit\/"},"wordCount":320,"publisher":{"@id":"https:\/\/www.display-magazin.ch\/fr\/#organization"},"image":{"@id":"https:\/\/www.display-magazin.ch\/fr\/pabllo-vittar-urias-body-type-morceau-pour-la-nuit\/#primaryimage"},"thumbnailUrl":"https:\/\/www.display-magazin.ch\/wp-content\/uploads\/2026\/08\/pablobodytype.avif","articleSection":["Musique"],"inLanguage":"fr-FR"},{"@type":"WebPage","@id":"https:\/\/www.display-magazin.ch\/fr\/pabllo-vittar-urias-body-type-morceau-pour-la-nuit\/","url":"https:\/\/www.display-magazin.ch\/fr\/pabllo-vittar-urias-body-type-morceau-pour-la-nuit\/","name":"Une drag queen. Une femme trans. Un morceau pour la nuit. | DISPLAY Magazin","isPartOf":{"@id":"https:\/\/www.display-magazin.ch\/fr\/#website"},"primaryImageOfPage":{"@id":"https:\/\/www.display-magazin.ch\/fr\/pabllo-vittar-urias-body-type-morceau-pour-la-nuit\/#primaryimage"},"image":{"@id":"https:\/\/www.display-magazin.ch\/fr\/pabllo-vittar-urias-body-type-morceau-pour-la-nuit\/#primaryimage"},"thumbnailUrl":"https:\/\/www.display-magazin.ch\/wp-content\/uploads\/2026\/08\/pablobodytype.avif","datePublished":"2026-08-29T10:49:16+00:00","description":"Le Br\u00e9sil r\u00e9unit deux de ses stars pop queer les plus connues: Pabllo Vittar et Urias sortent \u00abBody Type\u00bb \u2013 un titre qui file droit sur le dancefloor.","breadcrumb":{"@id":"https:\/\/www.display-magazin.ch\/fr\/pabllo-vittar-urias-body-type-morceau-pour-la-nuit\/#breadcrumb"},"inLanguage":"fr-FR","potentialAction":[{"@type":"ReadAction","target":["https:\/\/www.display-magazin.ch\/fr\/pabllo-vittar-urias-body-type-morceau-pour-la-nuit\/"]}]},{"@type":"ImageObject","inLanguage":"fr-FR","@id":"https:\/\/www.display-magazin.ch\/fr\/pabllo-vittar-urias-body-type-morceau-pour-la-nuit\/#primaryimage","url":"https:\/\/www.display-magazin.ch\/wp-content\/uploads\/2026\/08\/pablobodytype.avif","contentUrl":"https:\/\/www.display-magazin.ch\/wp-content\/uploads\/2026\/08\/pablobodytype.avif","width":1008,"height":1008,"caption":"Bild: Body Type | Pabllo Vittar"},{"@type":"BreadcrumbList","@id":"https:\/\/www.display-magazin.ch\/fr\/pabllo-vittar-urias-body-type-morceau-pour-la-nuit\/#breadcrumb","itemListElement":[{"@type":"ListItem","position":1,"name":"Startseite","item":"https:\/\/www.display-magazin.ch\/fr\/home\/"},{"@type":"ListItem","position":2,"name":"Une drag queen. Une femme trans. Un morceau pour la nuit."}]},{"@type":"WebSite","@id":"https:\/\/www.display-magazin.ch\/fr\/#website","url":"https:\/\/www.display-magazin.ch\/fr\/","name":"DISPLAY Magazin","description":"Das Schweizer Lifestyle-Magazin f\u00fcr Gay and Friends","publisher":{"@id":"https:\/\/www.display-magazin.ch\/fr\/#organization"},"potentialAction":[{"@type":"SearchAction","target":{"@type":"EntryPoint","urlTemplate":"https:\/\/www.display-magazin.ch\/fr\/?s={search_term_string}"},"query-input":{"@type":"PropertyValueSpecification","valueRequired":true,"valueName":"search_term_string"}}],"inLanguage":"fr-FR"},{"@type":"Organization","@id":"https:\/\/www.display-magazin.ch\/fr\/#organization","name":"DISPLAY Magazin","url":"https:\/\/www.display-magazin.ch\/fr\/","logo":{"@type":"ImageObject","inLanguage":"fr-FR","@id":"https:\/\/www.display-magazin.ch\/fr\/#\/schema\/logo\/image\/","url":"https:\/\/www.display-magazin.ch\/wp-content\/uploads\/2026\/03\/display_web-logo.png","contentUrl":"https:\/\/www.display-magazin.ch\/wp-content\/uploads\/2026\/03\/display_web-logo.png","width":411,"height":546,"caption":"DISPLAY Magazin"},"image":{"@id":"https:\/\/www.display-magazin.ch\/fr\/#\/schema\/logo\/image\/"},"sameAs":["https:\/\/www.facebook.com\/displaymagazin","https:\/\/www.instagram.com\/display.magazin\/"]},{"@type":"Person","@id":"https:\/\/www.display-magazin.ch\/fr\/#\/schema\/person\/8d10c93aa28db54b8c7102228b3d796c","name":"Andreas Koch","image":{"@type":"ImageObject","inLanguage":"fr-FR","@id":"https:\/\/www.display-magazin.ch\/wp-content\/uploads\/2026\/03\/logo_ohneSchrift-e1774598483338-100x100.png","url":"https:\/\/www.display-magazin.ch\/wp-content\/uploads\/2026\/03\/logo_ohneSchrift-e1774598483338-100x100.png","contentUrl":"https:\/\/www.display-magazin.ch\/wp-content\/uploads\/2026\/03\/logo_ohneSchrift-e1774598483338-100x100.png","caption":"Andreas Koch"}}]}},"publishpress_future_action":{"enabled":false,"date":"2026-09-08 08:52:01","action":"change-status","newStatus":"draft","terms":[],"taxonomy":"category","extraData":[]},"publishpress_future_workflow_manual_trigger":{"enabledWorkflows":[]},"_links":{"self":[{"href":"https:\/\/www.display-magazin.ch\/fr\/wp-json\/wp\/v2\/posts\/23552","targetHints":{"allow":["GET"]}}],"collection":[{"href":"https:\/\/www.display-magazin.ch\/fr\/wp-json\/wp\/v2\/posts"}],"about":[{"href":"https:\/\/www.display-magazin.ch\/fr\/wp-json\/wp\/v2\/types\/post"}],"author":[{"embeddable":true,"href":"https:\/\/www.display-magazin.ch\/fr\/wp-json\/wp\/v2\/users\/72"}],"replies":[{"embeddable":true,"href":"https:\/\/www.display-magazin.ch\/fr\/wp-json\/wp\/v2\/comments?post=23552"}],"version-history":[{"count":0,"href":"https:\/\/www.display-magazin.ch\/fr\/wp-json\/wp\/v2\/posts\/23552\/revisions"}],"wp:featuredmedia":[{"embeddable":true,"href":"https:\/\/www.display-magazin.ch\/fr\/wp-json\/wp\/v2\/media\/23495"}],"wp:attachment":[{"href":"https:\/\/www.display-magazin.ch\/fr\/wp-json\/wp\/v2\/media?parent=23552"}],"wp:term":[{"taxonomy":"category","embeddable":true,"href":"https:\/\/www.display-magazin.ch\/fr\/wp-json\/wp\/v2\/categories?post=23552"},{"taxonomy":"post_tag","embeddable":true,"href":"https:\/\/www.display-magazin.ch\/fr\/wp-json\/wp\/v2\/tags?post=23552"}],"curies":[{"name":"wp","href":"https:\/\/api.w.org\/{rel}","templated":true}]}}