{"id":23551,"date":"2026-08-29T14:15:30","date_gmt":"2026-08-29T12:15:30","guid":{"rendered":"https:\/\/www.display-magazin.ch\/coward-amour-queer-guerre-belgique-oscars\/"},"modified":"2026-08-29T14:15:30","modified_gmt":"2026-08-29T12:15:30","slug":"coward-amour-queer-guerre-belgique-oscars","status":"publish","type":"post","link":"https:\/\/www.display-magazin.ch\/fr\/coward-amour-queer-guerre-belgique-oscars\/","title":{"rendered":"\u00abCoward\u00bb: l\u2019amour queer en temps de guerre porte les couleurs de la Belgique aux Oscars"},"content":{"rendered":"<p>1916, en pleine Premi\u00e8re Guerre mondiale: le jeune soldat Pierre rencontre Francis, un camarade charismatique. Une histoire d\u2019amour clandestine na\u00eet entre eux, tandis qu\u2019une petite troupe de th\u00e9\u00e2tre permet aux soldats d\u2019\u00e9chapper quelques brefs instants \u00e0 l\u2019horreur de la guerre. \u00abCoward\u00bb relie ainsi r\u00e9cit de guerre et histoire d\u2019amour queer, et montre que le d\u00e9sir existe aussi l\u00e0 o\u00f9 il n\u2019a pas droit de cit\u00e9.<\/p>\n<p>La critique a salu\u00e9 l\u2019intensit\u00e9 \u00e9motionnelle du film et l\u2019alchimie entre ses deux interpr\u00e8tes principaux, qui leur a valu le Prix d\u2019interpr\u00e9tation masculine \u00e0 Cannes. Une sortie en salles est annonc\u00e9e en Suisse; aucune date de streaming n\u2019est connue pour l\u2019instant.<\/p>\n<p><strong>Des gays, il y en a toujours eu \u2013 et il y en aura toujours, en temps de paix comme en temps de guerre.<\/strong><\/p>\n<p>Vous voyez actuellement un contenu de substitution de <strong>YouTube<\/strong>. Pour acc\u00e9der au contenu r\u00e9el, cliquez sur le bouton ci-dessous. Veuillez noter que des donn\u00e9es seront alors transmises \u00e0 des tiers.<\/p>\n<p> <a href=\"#\" data-borlabs-cookie-show-provider-information role=\"button\">Plus d\u2019informations<\/a>   <a href=\"#\" data-borlabs-cookie-unblock role=\"button\">D\u00e9bloquer le contenu<\/a> <a href=\"#\" data-borlabs-cookie-accept-service role=\"button\" style=\"display: inherit\">Accepter le service requis et d\u00e9bloquer les contenus<\/a><\/p>\n<p><em>Texte: Andreas Koch.<\/em><\/p>\n<p><em>Traduit de l\u2019allemand \u2013 article paru sur display-magazin.ch.<\/em><\/p>\n","protected":false},"excerpt":{"rendered":"<p>Amour interdit, guerre et deux hommes qui se trouvent entre les tranch\u00e9es: \u00abCoward\u00bb de Lukas Dhont est le candidat officiel de la Belgique aux Oscars 2027 \u2013 et une bouleversante histoire queer de d\u00e9sir et de survie.<\/p>\n","protected":false},"author":72,"featured_media":23550,"comment_status":"","ping_status":"open","sticky":false,"template":"","format":"standard","meta":{"footnotes":""},"categories":[491],"tags":[],"class_list":["post-23551","post","type-post","status-publish","format-standard","has-post-thumbnail","hentry","category-film"],"yoast_head":"<!-- This site is optimized with the Yoast SEO plugin v27.9 - https:\/\/yoast.com\/product\/yoast-seo-wordpress\/ -->\n<title>\u00abCoward\u00bb: l\u2019amour queer en temps de guerre porte les couleurs de la Belgique aux Oscars | DISPLAY Magazin<\/title>\n<meta name=\"description\" content=\"Amour interdit, guerre et deux hommes qui se trouvent entre les tranch\u00e9es: \u00abCoward\u00bb de Lukas Dhont est le candidat officiel de la Belgique aux Oscars 2027 \u2013 et une bouleversante histoire queer de d\u00e9sir et de survie.\" \/>\n<meta name=\"robots\" content=\"index, follow, max-snippet:-1, max-image-preview:large, max-video-preview:-1\" \/>\n<link rel=\"canonical\" href=\"https:\/\/www.display-magazin.ch\/fr\/coward-amour-queer-guerre-belgique-oscars\/\" \/>\n<meta property=\"og:locale\" content=\"fr_FR\" \/>\n<meta property=\"og:type\" content=\"article\" \/>\n<meta property=\"og:title\" content=\"\u00abCoward\u00bb: l\u2019amour queer en temps de guerre porte les couleurs de la Belgique aux Oscars | DISPLAY Magazin\" \/>\n<meta property=\"og:description\" content=\"Amour interdit, guerre et deux hommes qui se trouvent entre les tranch\u00e9es: \u00abCoward\u00bb de Lukas Dhont est le candidat officiel de la Belgique aux Oscars 2027 \u2013 et une bouleversante histoire queer de d\u00e9sir et de survie.\" \/>\n<meta property=\"og:url\" content=\"https:\/\/www.display-magazin.ch\/fr\/coward-amour-queer-guerre-belgique-oscars\/\" \/>\n<meta property=\"og:site_name\" content=\"DISPLAY Magazin\" \/>\n<meta property=\"article:publisher\" content=\"https:\/\/www.facebook.com\/displaymagazin\" \/>\n<meta property=\"article:published_time\" content=\"2026-08-29T12:15:30+00:00\" \/>\n<meta name=\"author\" content=\"Andreas Koch\" \/>\n<meta name=\"twitter:card\" content=\"summary_large_image\" \/>\n<meta name=\"twitter:label1\" content=\"\u00c9crit par\" \/>\n\t<meta name=\"twitter:data1\" content=\"Andreas Koch\" \/>\n\t<meta name=\"twitter:label2\" content=\"Dur\u00e9e de lecture estim\u00e9e\" \/>\n\t<meta name=\"twitter:data2\" content=\"1 minute\" \/>\n<script type=\"application\/ld+json\" class=\"yoast-schema-graph\">{\"@context\":\"https:\\\/\\\/schema.org\",\"@graph\":[{\"@type\":\"Article\",\"@id\":\"https:\\\/\\\/www.display-magazin.ch\\\/fr\\\/coward-amour-queer-guerre-belgique-oscars\\\/#article\",\"isPartOf\":{\"@id\":\"https:\\\/\\\/www.display-magazin.ch\\\/fr\\\/coward-amour-queer-guerre-belgique-oscars\\\/\"},\"author\":{\"name\":\"Andreas Koch\",\"@id\":\"https:\\\/\\\/www.display-magazin.ch\\\/fr\\\/#\\\/schema\\\/person\\\/8d10c93aa28db54b8c7102228b3d796c\"},\"headline\":\"\u00abCoward\u00bb: l\u2019amour queer en temps de guerre porte les couleurs de la Belgique aux Oscars\",\"datePublished\":\"2026-08-29T12:15:30+00:00\",\"mainEntityOfPage\":{\"@id\":\"https:\\\/\\\/www.display-magazin.ch\\\/fr\\\/coward-amour-queer-guerre-belgique-oscars\\\/\"},\"wordCount\":221,\"publisher\":{\"@id\":\"https:\\\/\\\/www.display-magazin.ch\\\/fr\\\/#organization\"},\"image\":{\"@id\":\"https:\\\/\\\/www.display-magazin.ch\\\/fr\\\/coward-amour-queer-guerre-belgique-oscars\\\/#primaryimage\"},\"thumbnailUrl\":\"https:\\\/\\\/www.display-magazin.ch\\\/wp-content\\\/uploads\\\/2026\\\/08\\\/1-Coward_AlineBoyen_theReunion_8-6.webp\",\"articleSection\":[\"Film\"],\"inLanguage\":\"fr-FR\"},{\"@type\":\"WebPage\",\"@id\":\"https:\\\/\\\/www.display-magazin.ch\\\/fr\\\/coward-amour-queer-guerre-belgique-oscars\\\/\",\"url\":\"https:\\\/\\\/www.display-magazin.ch\\\/fr\\\/coward-amour-queer-guerre-belgique-oscars\\\/\",\"name\":\"\u00abCoward\u00bb: l\u2019amour queer en temps de guerre porte les couleurs de la Belgique aux Oscars | DISPLAY Magazin\",\"isPartOf\":{\"@id\":\"https:\\\/\\\/www.display-magazin.ch\\\/fr\\\/#website\"},\"primaryImageOfPage\":{\"@id\":\"https:\\\/\\\/www.display-magazin.ch\\\/fr\\\/coward-amour-queer-guerre-belgique-oscars\\\/#primaryimage\"},\"image\":{\"@id\":\"https:\\\/\\\/www.display-magazin.ch\\\/fr\\\/coward-amour-queer-guerre-belgique-oscars\\\/#primaryimage\"},\"thumbnailUrl\":\"https:\\\/\\\/www.display-magazin.ch\\\/wp-content\\\/uploads\\\/2026\\\/08\\\/1-Coward_AlineBoyen_theReunion_8-6.webp\",\"datePublished\":\"2026-08-29T12:15:30+00:00\",\"description\":\"Amour interdit, guerre et deux hommes qui se trouvent entre les tranch\u00e9es: \u00abCoward\u00bb de Lukas Dhont est le candidat officiel de la Belgique aux Oscars 2027 \u2013 et une bouleversante histoire queer de d\u00e9sir et de survie.\",\"breadcrumb\":{\"@id\":\"https:\\\/\\\/www.display-magazin.ch\\\/fr\\\/coward-amour-queer-guerre-belgique-oscars\\\/#breadcrumb\"},\"inLanguage\":\"fr-FR\",\"potentialAction\":[{\"@type\":\"ReadAction\",\"target\":[\"https:\\\/\\\/www.display-magazin.ch\\\/fr\\\/coward-amour-queer-guerre-belgique-oscars\\\/\"]}]},{\"@type\":\"ImageObject\",\"inLanguage\":\"fr-FR\",\"@id\":\"https:\\\/\\\/www.display-magazin.ch\\\/fr\\\/coward-amour-queer-guerre-belgique-oscars\\\/#primaryimage\",\"url\":\"https:\\\/\\\/www.display-magazin.ch\\\/wp-content\\\/uploads\\\/2026\\\/08\\\/1-Coward_AlineBoyen_theReunion_8-6.webp\",\"contentUrl\":\"https:\\\/\\\/www.display-magazin.ch\\\/wp-content\\\/uploads\\\/2026\\\/08\\\/1-Coward_AlineBoyen_theReunion_8-6.webp\",\"width\":1000,\"height\":667,\"caption\":\"Bild: Cannes Film Festival 2026\"},{\"@type\":\"BreadcrumbList\",\"@id\":\"https:\\\/\\\/www.display-magazin.ch\\\/fr\\\/coward-amour-queer-guerre-belgique-oscars\\\/#breadcrumb\",\"itemListElement\":[{\"@type\":\"ListItem\",\"position\":1,\"name\":\"Startseite\",\"item\":\"https:\\\/\\\/www.display-magazin.ch\\\/fr\\\/home\\\/\"},{\"@type\":\"ListItem\",\"position\":2,\"name\":\"\u00abCoward\u00bb: l\u2019amour queer en temps de guerre porte les couleurs de la Belgique aux Oscars\"}]},{\"@type\":\"WebSite\",\"@id\":\"https:\\\/\\\/www.display-magazin.ch\\\/fr\\\/#website\",\"url\":\"https:\\\/\\\/www.display-magazin.ch\\\/fr\\\/\",\"name\":\"DISPLAY Magazin\",\"description\":\"Das Schweizer Lifestyle-Magazin f\u00fcr Gay and Friends\",\"publisher\":{\"@id\":\"https:\\\/\\\/www.display-magazin.ch\\\/fr\\\/#organization\"},\"potentialAction\":[{\"@type\":\"SearchAction\",\"target\":{\"@type\":\"EntryPoint\",\"urlTemplate\":\"https:\\\/\\\/www.display-magazin.ch\\\/fr\\\/?s={search_term_string}\"},\"query-input\":{\"@type\":\"PropertyValueSpecification\",\"valueRequired\":true,\"valueName\":\"search_term_string\"}}],\"inLanguage\":\"fr-FR\"},{\"@type\":\"Organization\",\"@id\":\"https:\\\/\\\/www.display-magazin.ch\\\/fr\\\/#organization\",\"name\":\"DISPLAY Magazin\",\"url\":\"https:\\\/\\\/www.display-magazin.ch\\\/fr\\\/\",\"logo\":{\"@type\":\"ImageObject\",\"inLanguage\":\"fr-FR\",\"@id\":\"https:\\\/\\\/www.display-magazin.ch\\\/fr\\\/#\\\/schema\\\/logo\\\/image\\\/\",\"url\":\"https:\\\/\\\/www.display-magazin.ch\\\/wp-content\\\/uploads\\\/2026\\\/03\\\/display_web-logo.png\",\"contentUrl\":\"https:\\\/\\\/www.display-magazin.ch\\\/wp-content\\\/uploads\\\/2026\\\/03\\\/display_web-logo.png\",\"width\":411,\"height\":546,\"caption\":\"DISPLAY Magazin\"},\"image\":{\"@id\":\"https:\\\/\\\/www.display-magazin.ch\\\/fr\\\/#\\\/schema\\\/logo\\\/image\\\/\"},\"sameAs\":[\"https:\\\/\\\/www.facebook.com\\\/displaymagazin\",\"https:\\\/\\\/www.instagram.com\\\/display.magazin\\\/\"]},{\"@type\":\"Person\",\"@id\":\"https:\\\/\\\/www.display-magazin.ch\\\/fr\\\/#\\\/schema\\\/person\\\/8d10c93aa28db54b8c7102228b3d796c\",\"name\":\"Andreas Koch\",\"image\":{\"@type\":\"ImageObject\",\"inLanguage\":\"fr-FR\",\"@id\":\"https:\\\/\\\/www.display-magazin.ch\\\/wp-content\\\/uploads\\\/2026\\\/03\\\/logo_ohneSchrift-e1774598483338-100x100.png\",\"url\":\"https:\\\/\\\/www.display-magazin.ch\\\/wp-content\\\/uploads\\\/2026\\\/03\\\/logo_ohneSchrift-e1774598483338-100x100.png\",\"contentUrl\":\"https:\\\/\\\/www.display-magazin.ch\\\/wp-content\\\/uploads\\\/2026\\\/03\\\/logo_ohneSchrift-e1774598483338-100x100.png\",\"caption\":\"Andreas Koch\"}}]}<\/script>\n<!-- \/ Yoast SEO plugin. -->","yoast_head_json":{"title":"\u00abCoward\u00bb: l\u2019amour queer en temps de guerre porte les couleurs de la Belgique aux Oscars | DISPLAY Magazin","description":"Amour interdit, guerre et deux hommes qui se trouvent entre les tranch\u00e9es: \u00abCoward\u00bb de Lukas Dhont est le candidat officiel de la Belgique aux Oscars 2027 \u2013 et une bouleversante histoire queer de d\u00e9sir et de survie.","robots":{"index":"index","follow":"follow","max-snippet":"max-snippet:-1","max-image-preview":"max-image-preview:large","max-video-preview":"max-video-preview:-1"},"canonical":"https:\/\/www.display-magazin.ch\/fr\/coward-amour-queer-guerre-belgique-oscars\/","og_locale":"fr_FR","og_type":"article","og_title":"\u00abCoward\u00bb: l\u2019amour queer en temps de guerre porte les couleurs de la Belgique aux Oscars | DISPLAY Magazin","og_description":"Amour interdit, guerre et deux hommes qui se trouvent entre les tranch\u00e9es: \u00abCoward\u00bb de Lukas Dhont est le candidat officiel de la Belgique aux Oscars 2027 \u2013 et une bouleversante histoire queer de d\u00e9sir et de survie.","og_url":"https:\/\/www.display-magazin.ch\/fr\/coward-amour-queer-guerre-belgique-oscars\/","og_site_name":"DISPLAY Magazin","article_publisher":"https:\/\/www.facebook.com\/displaymagazin","article_published_time":"2026-08-29T12:15:30+00:00","author":"Andreas Koch","twitter_card":"summary_large_image","twitter_misc":{"\u00c9crit par":"Andreas Koch","Dur\u00e9e de lecture estim\u00e9e":"1 minute"},"schema":{"@context":"https:\/\/schema.org","@graph":[{"@type":"Article","@id":"https:\/\/www.display-magazin.ch\/fr\/coward-amour-queer-guerre-belgique-oscars\/#article","isPartOf":{"@id":"https:\/\/www.display-magazin.ch\/fr\/coward-amour-queer-guerre-belgique-oscars\/"},"author":{"name":"Andreas Koch","@id":"https:\/\/www.display-magazin.ch\/fr\/#\/schema\/person\/8d10c93aa28db54b8c7102228b3d796c"},"headline":"\u00abCoward\u00bb: l\u2019amour queer en temps de guerre porte les couleurs de la Belgique aux Oscars","datePublished":"2026-08-29T12:15:30+00:00","mainEntityOfPage":{"@id":"https:\/\/www.display-magazin.ch\/fr\/coward-amour-queer-guerre-belgique-oscars\/"},"wordCount":221,"publisher":{"@id":"https:\/\/www.display-magazin.ch\/fr\/#organization"},"image":{"@id":"https:\/\/www.display-magazin.ch\/fr\/coward-amour-queer-guerre-belgique-oscars\/#primaryimage"},"thumbnailUrl":"https:\/\/www.display-magazin.ch\/wp-content\/uploads\/2026\/08\/1-Coward_AlineBoyen_theReunion_8-6.webp","articleSection":["Film"],"inLanguage":"fr-FR"},{"@type":"WebPage","@id":"https:\/\/www.display-magazin.ch\/fr\/coward-amour-queer-guerre-belgique-oscars\/","url":"https:\/\/www.display-magazin.ch\/fr\/coward-amour-queer-guerre-belgique-oscars\/","name":"\u00abCoward\u00bb: l\u2019amour queer en temps de guerre porte les couleurs de la Belgique aux Oscars | DISPLAY Magazin","isPartOf":{"@id":"https:\/\/www.display-magazin.ch\/fr\/#website"},"primaryImageOfPage":{"@id":"https:\/\/www.display-magazin.ch\/fr\/coward-amour-queer-guerre-belgique-oscars\/#primaryimage"},"image":{"@id":"https:\/\/www.display-magazin.ch\/fr\/coward-amour-queer-guerre-belgique-oscars\/#primaryimage"},"thumbnailUrl":"https:\/\/www.display-magazin.ch\/wp-content\/uploads\/2026\/08\/1-Coward_AlineBoyen_theReunion_8-6.webp","datePublished":"2026-08-29T12:15:30+00:00","description":"Amour interdit, guerre et deux hommes qui se trouvent entre les tranch\u00e9es: \u00abCoward\u00bb de Lukas Dhont est le candidat officiel de la Belgique aux Oscars 2027 \u2013 et une bouleversante histoire queer de d\u00e9sir et de survie.","breadcrumb":{"@id":"https:\/\/www.display-magazin.ch\/fr\/coward-amour-queer-guerre-belgique-oscars\/#breadcrumb"},"inLanguage":"fr-FR","potentialAction":[{"@type":"ReadAction","target":["https:\/\/www.display-magazin.ch\/fr\/coward-amour-queer-guerre-belgique-oscars\/"]}]},{"@type":"ImageObject","inLanguage":"fr-FR","@id":"https:\/\/www.display-magazin.ch\/fr\/coward-amour-queer-guerre-belgique-oscars\/#primaryimage","url":"https:\/\/www.display-magazin.ch\/wp-content\/uploads\/2026\/08\/1-Coward_AlineBoyen_theReunion_8-6.webp","contentUrl":"https:\/\/www.display-magazin.ch\/wp-content\/uploads\/2026\/08\/1-Coward_AlineBoyen_theReunion_8-6.webp","width":1000,"height":667,"caption":"Bild: Cannes Film Festival 2026"},{"@type":"BreadcrumbList","@id":"https:\/\/www.display-magazin.ch\/fr\/coward-amour-queer-guerre-belgique-oscars\/#breadcrumb","itemListElement":[{"@type":"ListItem","position":1,"name":"Startseite","item":"https:\/\/www.display-magazin.ch\/fr\/home\/"},{"@type":"ListItem","position":2,"name":"\u00abCoward\u00bb: l\u2019amour queer en temps de guerre porte les couleurs de la Belgique aux Oscars"}]},{"@type":"WebSite","@id":"https:\/\/www.display-magazin.ch\/fr\/#website","url":"https:\/\/www.display-magazin.ch\/fr\/","name":"DISPLAY Magazin","description":"Das Schweizer Lifestyle-Magazin f\u00fcr Gay and Friends","publisher":{"@id":"https:\/\/www.display-magazin.ch\/fr\/#organization"},"potentialAction":[{"@type":"SearchAction","target":{"@type":"EntryPoint","urlTemplate":"https:\/\/www.display-magazin.ch\/fr\/?s={search_term_string}"},"query-input":{"@type":"PropertyValueSpecification","valueRequired":true,"valueName":"search_term_string"}}],"inLanguage":"fr-FR"},{"@type":"Organization","@id":"https:\/\/www.display-magazin.ch\/fr\/#organization","name":"DISPLAY Magazin","url":"https:\/\/www.display-magazin.ch\/fr\/","logo":{"@type":"ImageObject","inLanguage":"fr-FR","@id":"https:\/\/www.display-magazin.ch\/fr\/#\/schema\/logo\/image\/","url":"https:\/\/www.display-magazin.ch\/wp-content\/uploads\/2026\/03\/display_web-logo.png","contentUrl":"https:\/\/www.display-magazin.ch\/wp-content\/uploads\/2026\/03\/display_web-logo.png","width":411,"height":546,"caption":"DISPLAY Magazin"},"image":{"@id":"https:\/\/www.display-magazin.ch\/fr\/#\/schema\/logo\/image\/"},"sameAs":["https:\/\/www.facebook.com\/displaymagazin","https:\/\/www.instagram.com\/display.magazin\/"]},{"@type":"Person","@id":"https:\/\/www.display-magazin.ch\/fr\/#\/schema\/person\/8d10c93aa28db54b8c7102228b3d796c","name":"Andreas Koch","image":{"@type":"ImageObject","inLanguage":"fr-FR","@id":"https:\/\/www.display-magazin.ch\/wp-content\/uploads\/2026\/03\/logo_ohneSchrift-e1774598483338-100x100.png","url":"https:\/\/www.display-magazin.ch\/wp-content\/uploads\/2026\/03\/logo_ohneSchrift-e1774598483338-100x100.png","contentUrl":"https:\/\/www.display-magazin.ch\/wp-content\/uploads\/2026\/03\/logo_ohneSchrift-e1774598483338-100x100.png","caption":"Andreas Koch"}}]}},"publishpress_future_action":{"enabled":false,"date":"2026-09-08 08:52:05","action":"change-status","newStatus":"draft","terms":[],"taxonomy":"category","extraData":[]},"publishpress_future_workflow_manual_trigger":{"enabledWorkflows":[]},"_links":{"self":[{"href":"https:\/\/www.display-magazin.ch\/fr\/wp-json\/wp\/v2\/posts\/23551","targetHints":{"allow":["GET"]}}],"collection":[{"href":"https:\/\/www.display-magazin.ch\/fr\/wp-json\/wp\/v2\/posts"}],"about":[{"href":"https:\/\/www.display-magazin.ch\/fr\/wp-json\/wp\/v2\/types\/post"}],"author":[{"embeddable":true,"href":"https:\/\/www.display-magazin.ch\/fr\/wp-json\/wp\/v2\/users\/72"}],"replies":[{"embeddable":true,"href":"https:\/\/www.display-magazin.ch\/fr\/wp-json\/wp\/v2\/comments?post=23551"}],"version-history":[{"count":0,"href":"https:\/\/www.display-magazin.ch\/fr\/wp-json\/wp\/v2\/posts\/23551\/revisions"}],"wp:featuredmedia":[{"embeddable":true,"href":"https:\/\/www.display-magazin.ch\/fr\/wp-json\/wp\/v2\/media\/23550"}],"wp:attachment":[{"href":"https:\/\/www.display-magazin.ch\/fr\/wp-json\/wp\/v2\/media?parent=23551"}],"wp:term":[{"taxonomy":"category","embeddable":true,"href":"https:\/\/www.display-magazin.ch\/fr\/wp-json\/wp\/v2\/categories?post=23551"},{"taxonomy":"post_tag","embeddable":true,"href":"https:\/\/www.display-magazin.ch\/fr\/wp-json\/wp\/v2\/tags?post=23551"}],"curies":[{"name":"wp","href":"https:\/\/api.w.org\/{rel}","templated":true}]}}