{"id":23516,"date":"2026-08-26T13:58:31","date_gmt":"2026-08-26T11:58:31","guid":{"rendered":"https:\/\/www.display-magazin.ch\/stars-pleurent-dolly-parton-icone-country\/"},"modified":"2026-08-26T13:58:31","modified_gmt":"2026-08-26T11:58:31","slug":"stars-pleurent-dolly-parton-icone-country","status":"publish","type":"post","link":"https:\/\/www.display-magazin.ch\/fr\/stars-pleurent-dolly-parton-icone-country\/","title":{"rendered":"Les stars pleurent Dolly Parton: le monde dit adieu \u00e0 une ic\u00f4ne"},"content":{"rendered":"<p>Dolly Parton est partie \u2013 et soudain le monde para\u00eet un peu moins scintillant. La chanteuse, autrice-compositrice, actrice et philanthrope est morte mardi \u00e0 l\u2019\u00e2ge de 80 ans, apr\u00e8s un <strong>bref combat contre le cancer<\/strong>. La nouvelle a d\u00e9clench\u00e9 en quelques heures une immense vague de deuil.<\/p>\n<p>Des stars de la pop aux grands noms d\u2019Hollywood en passant par les l\u00e9gendes de la musique: de nombreuses personnalit\u00e9s qui ont crois\u00e9 sa route et qui l\u2019admiraient prennent cong\u00e9 d\u2019une femme qui a marqu\u00e9 des g\u00e9n\u00e9rations pendant plus de sept d\u00e9cennies.<\/p>\n<p>De la Maison-Blanche aussi est venu un hommage inhabituellement net: le pr\u00e9sident Donald Trump a ordonn\u00e9 de mettre les drapeaux am\u00e9ricains <strong>en berne pendant une semaine<\/strong> en l\u2019honneur de Dolly Parton.<\/p>\n<h2>Beyonc\u00e9<\/h2>\n<p>Beyonc\u00e9 a qualifi\u00e9 Parton de son \u00abbarom\u00e8tre\u00bb et de son \u00ab\u00e9toile polaire\u00bb \u2013 une femme qui a montr\u00e9 aux autres \u00e0 quel point il est important d\u2019\u00eatre pleinement soi-m\u00eame. Elle a salu\u00e9 non seulement le talent de Dolly, mais aussi sa g\u00e9n\u00e9rosit\u00e9, son humour et son esprit d\u2019entreprise.<\/p>\n<p>Le lien entre les deux \u00e9tait aussi musical: Beyonc\u00e9 a enregistr\u00e9 pour <em>Cowboy Carter<\/em> une nouvelle version de \u00abJolene\u00bb et a fait entrer Parton personnellement dans le projet. Dolly a en outre pr\u00eat\u00e9 sa pr\u00e9sence \u00e0 l\u2019album.<\/p>\n<blockquote data-instgrm-captioned data-instgrm-permalink=\"https:\/\/www.instagram.com\/p\/DcewlwnMVjx\/?utm_source=ig_embed&amp;utm_campaign=loading\" data-instgrm-version=\"14\" style=\"background:#FFF;border:0;border-radius:3px;margin: 1px;max-width:540px;min-width:326px;padding:0;width:99.375%;width:-webkit-calc(100% - 2px);width:calc(100% - 2px)\"><p> <a href=\"https:\/\/www.instagram.com\/p\/DcewlwnMVjx\/?utm_source=ig_embed&amp;utm_campaign=loading\" target=\"_blank\">       View this post on Instagram            <\/a><\/p>\n<p style=\"color:#c9c8cd;font-family:Arial,sans-serif;font-size:14px;line-height:17px;margin-bottom:0;margin-top:8px;overflow:hidden;padding:8px 0 7px;text-align:center;white-space:nowrap\"><a href=\"https:\/\/www.instagram.com\/p\/DcewlwnMVjx\/?utm_source=ig_embed&amp;utm_campaign=loading\" target=\"_blank\">A post shared by bey\u2019s groove \ud801\ude81 (@beysgroove_)<\/a><\/p>\n<\/blockquote>\n<h2>Taylor Swift<\/h2>\n<p>Taylor Swift a elle aussi pris cong\u00e9 d\u2019une artiste dont l\u2019influence se laisse difficilement mettre en mots. Pour Swift, Parton n\u2019\u00e9tait pas simplement une l\u00e9gende de la country, mais une personnalit\u00e9 dont la g\u00e9n\u00e9rosit\u00e9, la cr\u00e9ativit\u00e9 et la posture ont inspir\u00e9 des g\u00e9n\u00e9rations d\u2019artistes.<\/p>\n<p>L\u2019h\u00e9ritage de Dolly ne tient donc pas seulement \u00e0 ses chansons \u2013 mais \u00e0 toutes ces personnes qui, gr\u00e2ce \u00e0 elle, ont trouv\u00e9 le courage de suivre leur propre chemin.<\/p>\n<blockquote data-instgrm-captioned data-instgrm-permalink=\"https:\/\/www.instagram.com\/p\/Dcfa0aqodGo\/?utm_source=ig_embed&amp;utm_campaign=loading\" data-instgrm-version=\"14\" style=\"background:#FFF;border:0;border-radius:3px;margin: 1px;max-width:540px;min-width:326px;padding:0;width:99.375%;width:-webkit-calc(100% - 2px);width:calc(100% - 2px)\"><p> <a href=\"https:\/\/www.instagram.com\/p\/Dcfa0aqodGo\/?utm_source=ig_embed&amp;utm_campaign=loading\" target=\"_blank\">       View this post on Instagram            <\/a><\/p>\n<p style=\"color:#c9c8cd;font-family:Arial,sans-serif;font-size:14px;line-height:17px;margin-bottom:0;margin-top:8px;overflow:hidden;padding:8px 0 7px;text-align:center;white-space:nowrap\"><a href=\"https:\/\/www.instagram.com\/p\/Dcfa0aqodGo\/?utm_source=ig_embed&amp;utm_campaign=loading\" target=\"_blank\">A post shared by Alma (@almalovestaylor)<\/a><\/p>\n<\/blockquote>\n<h2>Sabrina Carpenter<\/h2>\n<p>Sabrina Carpenter a m\u00eame pu collaborer avec son idole. Pour la version deluxe de <em>Short n\u2019 Sweet<\/em>, une version commune de \u00abPlease Please Please\u00bb a vu le jour \u2013 clip compris.<\/p>\n<p>Apr\u00e8s la mort de Parton, Carpenter a partag\u00e9 des images du tournage et s\u2019est souvenue de leur premi\u00e8re rencontre. Pour elle, Dolly \u00e9tait un \u00abange sur terre\u00bb \u2013 une femme pleine de sagesse, d\u2019humour et d\u2019une magie bien particuli\u00e8re.<\/p>\n<blockquote data-instgrm-captioned data-instgrm-permalink=\"https:\/\/www.instagram.com\/p\/DceuXyKjwTk\/?utm_source=ig_embed&amp;utm_campaign=loading\" data-instgrm-version=\"14\" style=\"background:#FFF;border:0;border-radius:3px;margin: 1px;max-width:540px;min-width:326px;padding:0;width:99.375%;width:-webkit-calc(100% - 2px);width:calc(100% - 2px)\"><p> <a href=\"https:\/\/www.instagram.com\/p\/DceuXyKjwTk\/?utm_source=ig_embed&amp;utm_campaign=loading\" target=\"_blank\">       View this post on Instagram            <\/a><\/p>\n<p style=\"color:#c9c8cd;font-family:Arial,sans-serif;font-size:14px;line-height:17px;margin-bottom:0;margin-top:8px;overflow:hidden;padding:8px 0 7px;text-align:center;white-space:nowrap\"><a href=\"https:\/\/www.instagram.com\/p\/DceuXyKjwTk\/?utm_source=ig_embed&amp;utm_campaign=loading\" target=\"_blank\">A post shared by Sabrina Carpenter (@sabrinacarpenter)<\/a><\/p>\n<\/blockquote>\n<h2>Katy Perry<\/h2>\n<p>Katy Perry s\u2019est elle aussi jointe aux nombreux adieux et a rappel\u00e9 le souvenir d\u2019une Dolly dont le rayonnement d\u00e9passait largement le genre country.<\/p>\n<p>C\u2019est justement cette force interg\u00e9n\u00e9rationnelle qui rend les r\u00e9actions \u00e0 la mort de Parton si remarquables: des l\u00e9gendes du rock aux stars pop actuelles, presque chaque g\u00e9n\u00e9ration semble avoir un lien personnel avec elle.<\/p>\n<blockquote data-instgrm-captioned data-instgrm-permalink=\"https:\/\/www.instagram.com\/p\/Dcfjc81FrT5\/?utm_source=ig_embed&amp;utm_campaign=loading\" data-instgrm-version=\"14\" style=\"background:#FFF;border:0;border-radius:3px;margin: 1px;max-width:540px;min-width:326px;padding:0;width:99.375%;width:-webkit-calc(100% - 2px);width:calc(100% - 2px)\"><p> <a href=\"https:\/\/www.instagram.com\/p\/Dcfjc81FrT5\/?utm_source=ig_embed&amp;utm_campaign=loading\" target=\"_blank\">       View this post on Instagram            <\/a><\/p>\n<p style=\"color:#c9c8cd;font-family:Arial,sans-serif;font-size:14px;line-height:17px;margin-bottom:0;margin-top:8px;overflow:hidden;padding:8px 0 7px;text-align:center;white-space:nowrap\"><a href=\"https:\/\/www.instagram.com\/p\/Dcfjc81FrT5\/?utm_source=ig_embed&amp;utm_campaign=loading\" target=\"_blank\">A post shared by KATY PERRY (@katyperry)<\/a><\/p>\n<\/blockquote>\n<h2>Elton John<\/h2>\n<p>Elton John a lui aussi r\u00e9agi avec une grande consternation. Il a salu\u00e9 en Parton une artiste unique et irrempla\u00e7able \u2013 mais surtout un \u00eatre humain au c\u0153ur exceptionnellement bon.<\/p>\n<p>Les deux avaient collabor\u00e9 en 2023 pour l\u2019album <em>Rockstar<\/em> d\u2019Elton et enregistr\u00e9 \u00abDon\u2019t Let the Sun Go Down on Me\u00bb. Les liait ainsi non seulement une admiration mutuelle, mais aussi un morceau commun d\u2019histoire de la musique.<\/p>\n<blockquote data-instgrm-captioned data-instgrm-permalink=\"https:\/\/www.instagram.com\/p\/DcfvKEqi6PM\/?utm_source=ig_embed&amp;utm_campaign=loading\" data-instgrm-version=\"14\" style=\"background:#FFF;border:0;border-radius:3px;margin: 1px;max-width:540px;min-width:326px;padding:0;width:99.375%;width:-webkit-calc(100% - 2px);width:calc(100% - 2px)\"><p> <a href=\"https:\/\/www.instagram.com\/p\/DcfvKEqi6PM\/?utm_source=ig_embed&amp;utm_campaign=loading\" target=\"_blank\">       View this post on Instagram            <\/a><\/p>\n<p style=\"color:#c9c8cd;font-family:Arial,sans-serif;font-size:14px;line-height:17px;margin-bottom:0;margin-top:8px;overflow:hidden;padding:8px 0 7px;text-align:center;white-space:nowrap\"><a href=\"https:\/\/www.instagram.com\/p\/DcfvKEqi6PM\/?utm_source=ig_embed&amp;utm_campaign=loading\" target=\"_blank\">A post shared by Elton John (@eltonjohn)<\/a><\/p>\n<\/blockquote>\n<h2>Pedro Pascal<\/h2>\n<p>Pedro Pascal a pris cong\u00e9 en peu de mots, d\u2019autant plus justes: Dolly \u00e9tait \u00abone of one\u00bb \u2013 unique en son genre.<\/p>\n<p>C\u2019est sans doute l\u00e0 que r\u00e9side le sentiment qui reste apr\u00e8s sa mort: Dolly Parton \u00e9tait une personnalit\u00e9 qui ne se laisse pas copier. Ni sa voix, ni son humour, ni son style \u2013 et encore moins son m\u00e9lange si particulier d\u2019assurance, de chaleur et de g\u00e9n\u00e9rosit\u00e9.<\/p>\n<h2>Donatella Versace<\/h2>\n<p>Donatella Versace a elle aussi salu\u00e9 en Parton l\u2019une des personnes les plus gentilles et les plus g\u00e9n\u00e9reuses, une conteuse hors du commun et une l\u00e9gende de la musique.<\/p>\n<p>Pour Versace, Dolly \u00e9tait l\u2019une de ces rares personnalit\u00e9s dont la pr\u00e9sence rendait r\u00e9ellement meilleure la vie des autres.<\/p>\n<blockquote data-instgrm-captioned data-instgrm-permalink=\"https:\/\/www.instagram.com\/p\/DceUASdt9gr\/?utm_source=ig_embed&amp;utm_campaign=loading\" data-instgrm-version=\"14\" style=\"background:#FFF;border:0;border-radius:3px;margin: 1px;max-width:540px;min-width:326px;padding:0;width:99.375%;width:-webkit-calc(100% - 2px);width:calc(100% - 2px)\"><p> <a href=\"https:\/\/www.instagram.com\/p\/DceUASdt9gr\/?utm_source=ig_embed&amp;utm_campaign=loading\" target=\"_blank\">       View this post on Instagram            <\/a><\/p>\n<p style=\"color:#c9c8cd;font-family:Arial,sans-serif;font-size:14px;line-height:17px;margin-bottom:0;margin-top:8px;overflow:hidden;padding:8px 0 7px;text-align:center;white-space:nowrap\"><a href=\"https:\/\/www.instagram.com\/p\/DceUASdt9gr\/?utm_source=ig_embed&amp;utm_campaign=loading\" target=\"_blank\">A post shared by Donatella Versace (@donatella_versace)<\/a><\/p>\n<\/blockquote>\n<h2>Paul McCartney<\/h2>\n<p>Paul McCartney a regard\u00e9 loin en arri\u00e8re pour ses adieux. Il s\u2019est souvenu de sa premi\u00e8re rencontre avec Parton dans les ann\u00e9es 1970 au Grand Ole Opry, alors qu\u2019elle se produisait encore avec Porter Wagoner.<\/p>\n<p>McCartney a salu\u00e9 une femme pleine de joie de vivre et de charisme, une autrice-compositrice, chanteuse et philanthrope hors du commun. La nouvelle de sa mort rend difficile d\u2019imaginer un monde sans Dolly.<\/p>\n<blockquote data-instgrm-captioned data-instgrm-permalink=\"https:\/\/www.instagram.com\/p\/Dcef26-l432\/?utm_source=ig_embed&amp;utm_campaign=loading\" data-instgrm-version=\"14\" style=\"background:#FFF;border:0;border-radius:3px;margin: 1px;max-width:540px;min-width:326px;padding:0;width:99.375%;width:-webkit-calc(100% - 2px);width:calc(100% - 2px)\"><p> <a href=\"https:\/\/www.instagram.com\/p\/Dcef26-l432\/?utm_source=ig_embed&amp;utm_campaign=loading\" target=\"_blank\">       View this post on Instagram            <\/a><\/p>\n<p style=\"color:#c9c8cd;font-family:Arial,sans-serif;font-size:14px;line-height:17px;margin-bottom:0;margin-top:8px;overflow:hidden;padding:8px 0 7px;text-align:center;white-space:nowrap\"><a href=\"https:\/\/www.instagram.com\/p\/Dcef26-l432\/?utm_source=ig_embed&amp;utm_campaign=loading\" target=\"_blank\">A post shared by Paul McCartney (@paulmccartney)<\/a><\/p>\n<\/blockquote>\n<h2>Julia Roberts<\/h2>\n<p>Julia Roberts, qui a jou\u00e9 aux c\u00f4t\u00e9s de Parton dans <em>Steel Magnolias<\/em>, a \u00e9voqu\u00e9 une personne magique et pleine de vie. Avoir connu Dolly serait un tr\u00e9sor dans son existence.<\/p>\n<p>Ses mots montrent que l\u2019influence de Parton allait bien au-del\u00e0 de la sc\u00e8ne. Hollywood la connaissait comme actrice, coll\u00e8gue et amie \u2013 et comme quelqu\u2019un capable de remplir une pi\u00e8ce avec sa seule personnalit\u00e9.<\/p>\n<h2>Miley Cyrus<\/h2>\n<p>Un lien particuli\u00e8rement \u00e9mouvant l\u2019unit \u00e0 Miley Cyrus. Dolly \u00e9tait sa marraine et est devenue, durant les ann\u00e9es <em>Hannah Montana<\/em> de Miley, la \u00abAunt Dolly\u00bb de toute une g\u00e9n\u00e9ration. Pour Miley, elle \u00e9tait bien plus qu\u2019une h\u00e9ro\u00efne musicale: elle \u00e9tait la famille, une mentore et une voix importante dans sa vie.<\/p>\n<p><strong>Important pour situer les choses:<\/strong> au moment des premiers articles, Miley Cyrus ne s\u2019\u00e9tait pas encore exprim\u00e9e publiquement. Elle a depuis pris la parole et partag\u00e9 son chagrin apr\u00e8s la perte de sa marraine. L\u2019information initiale, selon laquelle Miley n\u2019avait encore rien dit, est donc d\u00e9pass\u00e9e.<\/p>\n<p><img decoding=\"async\" width=\"800\" height=\"1153\" src=\"https:\/\/www.display-magazin.ch\/wp-content\/uploads\/2026\/08\/Miley_Cyrus_Primavera19_-226_48986293772_cropped-874x1260.jpg\" alt=\"\" loading=\"lazy\" srcset=\"https:\/\/www.display-magazin.ch\/wp-content\/uploads\/2026\/08\/Miley_Cyrus_Primavera19_-226_48986293772_cropped-874x1260.jpg 874w, https:\/\/www.display-magazin.ch\/wp-content\/uploads\/2026\/08\/Miley_Cyrus_Primavera19_-226_48986293772_cropped-208x300.jpg 208w, https:\/\/www.display-magazin.ch\/wp-content\/uploads\/2026\/08\/Miley_Cyrus_Primavera19_-226_48986293772_cropped-768x1108.jpg 768w, https:\/\/www.display-magazin.ch\/wp-content\/uploads\/2026\/08\/Miley_Cyrus_Primavera19_-226_48986293772_cropped-1065x1536.jpg 1065w, https:\/\/www.display-magazin.ch\/wp-content\/uploads\/2026\/08\/Miley_Cyrus_Primavera19_-226_48986293772_cropped-600x865.jpg 600w, https:\/\/www.display-magazin.ch\/wp-content\/uploads\/2026\/08\/Miley_Cyrus_Primavera19_-226_48986293772_cropped.jpg 1083w\" sizes=\"auto, (max-width: 800px) 100vw, 800px\" \/><\/p>\n<h2>Un amour particulier pour la communaut\u00e9 queer<\/h2>\n<p>C\u2019est peut-\u00eatre pr\u00e9cis\u00e9ment ce m\u00e9lange de glamour et d\u2019humanit\u00e9 qui a fait de Dolly Parton une ic\u00f4ne pour tant de personnes queers. Dans son hommage, Jane Fonda a express\u00e9ment rappel\u00e9 que Dolly aimait ses fans gays et trans \u2013 et les a invit\u00e9s non seulement \u00e0 porter le deuil, mais \u00e0 c\u00e9l\u00e9brer Dolly.<\/p>\n<p>Cela colle \u00e0 la posture publique de Parton: elle a r\u00e9ussi \u00e0 accueillir les gens sans renoncer \u00e0 sa propre identit\u00e9. Derri\u00e8re l\u2019immense chevelure, les tenues \u00e0 strass et l\u2019image volontairement outr\u00e9e se tenait une femme qui s\u2019est engag\u00e9e, encore et encore, pour la compassion, la g\u00e9n\u00e9rosit\u00e9 et la tol\u00e9rance.<\/p>\n<p>Et c\u2019est peut-\u00eatre exactement ce qui explique pourquoi sa mort touche tant de gens qui, au fond, n\u2019ont pas grand-chose \u00e0 faire de la musique country.<\/p>\n<p>Dolly Parton n\u2019appartenait depuis longtemps plus seulement \u00e0 la country. Elle appartenait \u00e0 toutes celles et ceux qui ont grandi avec ses chansons, ri devant ses films, aim\u00e9 ses histoires ou vu en elle une femme qui, malgr\u00e9 son succ\u00e8s gigantesque, n\u2019avait jamais oubli\u00e9 d\u2019o\u00f9 elle venait.<\/p>\n<p><strong>Le monde a perdu Dolly Parton. Mais sa voix, ses chansons et ses paillettes resteront.<\/strong><\/p>\n<p><em>Texte: Andreas Koch.<\/em><\/p>\n<p><em>Traduit de l\u2019allemand \u2013 article paru sur display-magazin.ch.<\/em><\/p>\n","protected":false},"excerpt":{"rendered":"<p>Dolly Parton est morte. La l\u00e9gende de la country s\u2019est \u00e9teinte \u00e0 80 ans apr\u00e8s un bref combat contre le cancer. Beyonc\u00e9, Taylor Swift, Sabrina Carpenter, Elton John et d\u2019autres stars saluent une ic\u00f4ne.<\/p>\n","protected":false},"author":72,"featured_media":23454,"comment_status":"","ping_status":"open","sticky":false,"template":"","format":"standard","meta":{"footnotes":""},"categories":[493],"tags":[],"class_list":["post-23516","post","type-post","status-publish","format-standard","has-post-thumbnail","hentry","category-musique"],"yoast_head":"<!-- This site is optimized with the Yoast SEO plugin v27.9 - https:\/\/yoast.com\/product\/yoast-seo-wordpress\/ -->\n<title>Les stars pleurent Dolly Parton: le monde dit adieu \u00e0 une ic\u00f4ne | DISPLAY Magazin<\/title>\n<meta name=\"description\" content=\"Dolly Parton est morte. La l\u00e9gende de la country s\u2019est \u00e9teinte \u00e0 80 ans apr\u00e8s un bref combat contre le cancer. Beyonc\u00e9, Taylor Swift, Sabrina Carpenter, Elton John et d\u2019autres stars saluent une ic\u00f4ne.\" \/>\n<meta name=\"robots\" content=\"index, follow, max-snippet:-1, max-image-preview:large, max-video-preview:-1\" \/>\n<link rel=\"canonical\" href=\"https:\/\/www.display-magazin.ch\/fr\/stars-pleurent-dolly-parton-icone-country\/\" \/>\n<meta property=\"og:locale\" content=\"fr_FR\" \/>\n<meta property=\"og:type\" content=\"article\" \/>\n<meta property=\"og:title\" content=\"Les stars pleurent Dolly Parton: le monde dit adieu \u00e0 une ic\u00f4ne | DISPLAY Magazin\" \/>\n<meta property=\"og:description\" content=\"Dolly Parton est morte. La l\u00e9gende de la country s\u2019est \u00e9teinte \u00e0 80 ans apr\u00e8s un bref combat contre le cancer. Beyonc\u00e9, Taylor Swift, Sabrina Carpenter, Elton John et d\u2019autres stars saluent une ic\u00f4ne.\" \/>\n<meta property=\"og:url\" content=\"https:\/\/www.display-magazin.ch\/fr\/stars-pleurent-dolly-parton-icone-country\/\" \/>\n<meta property=\"og:site_name\" content=\"DISPLAY Magazin\" \/>\n<meta property=\"article:publisher\" content=\"https:\/\/www.facebook.com\/displaymagazin\" \/>\n<meta property=\"article:published_time\" content=\"2026-08-26T11:58:31+00:00\" \/>\n<meta property=\"og:image\" content=\"https:\/\/www.display-magazin.ch\/wp-content\/uploads\/2026\/08\/Miley_Cyrus_Primavera19_-226_48986293772_cropped-874x1260.jpg\" \/>\n<meta name=\"author\" content=\"Andreas Koch\" \/>\n<meta name=\"twitter:card\" content=\"summary_large_image\" \/>\n<meta name=\"twitter:label1\" content=\"\u00c9crit par\" \/>\n\t<meta name=\"twitter:data1\" content=\"Andreas Koch\" \/>\n\t<meta name=\"twitter:label2\" content=\"Dur\u00e9e de lecture estim\u00e9e\" \/>\n\t<meta name=\"twitter:data2\" content=\"6 minutes\" \/>\n<script type=\"application\/ld+json\" class=\"yoast-schema-graph\">{\"@context\":\"https:\\\/\\\/schema.org\",\"@graph\":[{\"@type\":\"Article\",\"@id\":\"https:\\\/\\\/www.display-magazin.ch\\\/fr\\\/stars-pleurent-dolly-parton-icone-country\\\/#article\",\"isPartOf\":{\"@id\":\"https:\\\/\\\/www.display-magazin.ch\\\/fr\\\/stars-pleurent-dolly-parton-icone-country\\\/\"},\"author\":{\"name\":\"Andreas Koch\",\"@id\":\"https:\\\/\\\/www.display-magazin.ch\\\/fr\\\/#\\\/schema\\\/person\\\/8d10c93aa28db54b8c7102228b3d796c\"},\"headline\":\"Les stars pleurent Dolly Parton: le monde dit adieu \u00e0 une ic\u00f4ne\",\"datePublished\":\"2026-08-26T11:58:31+00:00\",\"mainEntityOfPage\":{\"@id\":\"https:\\\/\\\/www.display-magazin.ch\\\/fr\\\/stars-pleurent-dolly-parton-icone-country\\\/\"},\"wordCount\":1250,\"publisher\":{\"@id\":\"https:\\\/\\\/www.display-magazin.ch\\\/fr\\\/#organization\"},\"image\":{\"@id\":\"https:\\\/\\\/www.display-magazin.ch\\\/fr\\\/stars-pleurent-dolly-parton-icone-country\\\/#primaryimage\"},\"thumbnailUrl\":\"https:\\\/\\\/www.display-magazin.ch\\\/wp-content\\\/uploads\\\/2026\\\/08\\\/Dolly_Parton_-_RCA_Press_Photo_1970-Copia.jpg\",\"articleSection\":[\"Musique\"],\"inLanguage\":\"fr-FR\"},{\"@type\":\"WebPage\",\"@id\":\"https:\\\/\\\/www.display-magazin.ch\\\/fr\\\/stars-pleurent-dolly-parton-icone-country\\\/\",\"url\":\"https:\\\/\\\/www.display-magazin.ch\\\/fr\\\/stars-pleurent-dolly-parton-icone-country\\\/\",\"name\":\"Les stars pleurent Dolly Parton: le monde dit adieu \u00e0 une ic\u00f4ne | DISPLAY Magazin\",\"isPartOf\":{\"@id\":\"https:\\\/\\\/www.display-magazin.ch\\\/fr\\\/#website\"},\"primaryImageOfPage\":{\"@id\":\"https:\\\/\\\/www.display-magazin.ch\\\/fr\\\/stars-pleurent-dolly-parton-icone-country\\\/#primaryimage\"},\"image\":{\"@id\":\"https:\\\/\\\/www.display-magazin.ch\\\/fr\\\/stars-pleurent-dolly-parton-icone-country\\\/#primaryimage\"},\"thumbnailUrl\":\"https:\\\/\\\/www.display-magazin.ch\\\/wp-content\\\/uploads\\\/2026\\\/08\\\/Dolly_Parton_-_RCA_Press_Photo_1970-Copia.jpg\",\"datePublished\":\"2026-08-26T11:58:31+00:00\",\"description\":\"Dolly Parton est morte. La l\u00e9gende de la country s\u2019est \u00e9teinte \u00e0 80 ans apr\u00e8s un bref combat contre le cancer. Beyonc\u00e9, Taylor Swift, Sabrina Carpenter, Elton John et d\u2019autres stars saluent une ic\u00f4ne.\",\"breadcrumb\":{\"@id\":\"https:\\\/\\\/www.display-magazin.ch\\\/fr\\\/stars-pleurent-dolly-parton-icone-country\\\/#breadcrumb\"},\"inLanguage\":\"fr-FR\",\"potentialAction\":[{\"@type\":\"ReadAction\",\"target\":[\"https:\\\/\\\/www.display-magazin.ch\\\/fr\\\/stars-pleurent-dolly-parton-icone-country\\\/\"]}]},{\"@type\":\"ImageObject\",\"inLanguage\":\"fr-FR\",\"@id\":\"https:\\\/\\\/www.display-magazin.ch\\\/fr\\\/stars-pleurent-dolly-parton-icone-country\\\/#primaryimage\",\"url\":\"https:\\\/\\\/www.display-magazin.ch\\\/wp-content\\\/uploads\\\/2026\\\/08\\\/Dolly_Parton_-_RCA_Press_Photo_1970-Copia.jpg\",\"contentUrl\":\"https:\\\/\\\/www.display-magazin.ch\\\/wp-content\\\/uploads\\\/2026\\\/08\\\/Dolly_Parton_-_RCA_Press_Photo_1970-Copia.jpg\",\"width\":2403,\"height\":2086,\"caption\":\"Bild: RCA Records, Public domain, via Wikimedia Commons\"},{\"@type\":\"BreadcrumbList\",\"@id\":\"https:\\\/\\\/www.display-magazin.ch\\\/fr\\\/stars-pleurent-dolly-parton-icone-country\\\/#breadcrumb\",\"itemListElement\":[{\"@type\":\"ListItem\",\"position\":1,\"name\":\"Startseite\",\"item\":\"https:\\\/\\\/www.display-magazin.ch\\\/fr\\\/home\\\/\"},{\"@type\":\"ListItem\",\"position\":2,\"name\":\"Les stars pleurent Dolly Parton: le monde dit adieu \u00e0 une ic\u00f4ne\"}]},{\"@type\":\"WebSite\",\"@id\":\"https:\\\/\\\/www.display-magazin.ch\\\/fr\\\/#website\",\"url\":\"https:\\\/\\\/www.display-magazin.ch\\\/fr\\\/\",\"name\":\"DISPLAY Magazin\",\"description\":\"Das Schweizer Lifestyle-Magazin f\u00fcr Gay and Friends\",\"publisher\":{\"@id\":\"https:\\\/\\\/www.display-magazin.ch\\\/fr\\\/#organization\"},\"potentialAction\":[{\"@type\":\"SearchAction\",\"target\":{\"@type\":\"EntryPoint\",\"urlTemplate\":\"https:\\\/\\\/www.display-magazin.ch\\\/fr\\\/?s={search_term_string}\"},\"query-input\":{\"@type\":\"PropertyValueSpecification\",\"valueRequired\":true,\"valueName\":\"search_term_string\"}}],\"inLanguage\":\"fr-FR\"},{\"@type\":\"Organization\",\"@id\":\"https:\\\/\\\/www.display-magazin.ch\\\/fr\\\/#organization\",\"name\":\"DISPLAY Magazin\",\"url\":\"https:\\\/\\\/www.display-magazin.ch\\\/fr\\\/\",\"logo\":{\"@type\":\"ImageObject\",\"inLanguage\":\"fr-FR\",\"@id\":\"https:\\\/\\\/www.display-magazin.ch\\\/fr\\\/#\\\/schema\\\/logo\\\/image\\\/\",\"url\":\"https:\\\/\\\/www.display-magazin.ch\\\/wp-content\\\/uploads\\\/2026\\\/03\\\/display_web-logo.png\",\"contentUrl\":\"https:\\\/\\\/www.display-magazin.ch\\\/wp-content\\\/uploads\\\/2026\\\/03\\\/display_web-logo.png\",\"width\":411,\"height\":546,\"caption\":\"DISPLAY Magazin\"},\"image\":{\"@id\":\"https:\\\/\\\/www.display-magazin.ch\\\/fr\\\/#\\\/schema\\\/logo\\\/image\\\/\"},\"sameAs\":[\"https:\\\/\\\/www.facebook.com\\\/displaymagazin\",\"https:\\\/\\\/www.instagram.com\\\/display.magazin\\\/\"]},{\"@type\":\"Person\",\"@id\":\"https:\\\/\\\/www.display-magazin.ch\\\/fr\\\/#\\\/schema\\\/person\\\/8d10c93aa28db54b8c7102228b3d796c\",\"name\":\"Andreas Koch\",\"image\":{\"@type\":\"ImageObject\",\"inLanguage\":\"fr-FR\",\"@id\":\"https:\\\/\\\/www.display-magazin.ch\\\/wp-content\\\/uploads\\\/2026\\\/03\\\/logo_ohneSchrift-e1774598483338-100x100.png\",\"url\":\"https:\\\/\\\/www.display-magazin.ch\\\/wp-content\\\/uploads\\\/2026\\\/03\\\/logo_ohneSchrift-e1774598483338-100x100.png\",\"contentUrl\":\"https:\\\/\\\/www.display-magazin.ch\\\/wp-content\\\/uploads\\\/2026\\\/03\\\/logo_ohneSchrift-e1774598483338-100x100.png\",\"caption\":\"Andreas Koch\"}}]}<\/script>\n<!-- \/ Yoast SEO plugin. -->","yoast_head_json":{"title":"Les stars pleurent Dolly Parton: le monde dit adieu \u00e0 une ic\u00f4ne | DISPLAY Magazin","description":"Dolly Parton est morte. La l\u00e9gende de la country s\u2019est \u00e9teinte \u00e0 80 ans apr\u00e8s un bref combat contre le cancer. Beyonc\u00e9, Taylor Swift, Sabrina Carpenter, Elton John et d\u2019autres stars saluent une ic\u00f4ne.","robots":{"index":"index","follow":"follow","max-snippet":"max-snippet:-1","max-image-preview":"max-image-preview:large","max-video-preview":"max-video-preview:-1"},"canonical":"https:\/\/www.display-magazin.ch\/fr\/stars-pleurent-dolly-parton-icone-country\/","og_locale":"fr_FR","og_type":"article","og_title":"Les stars pleurent Dolly Parton: le monde dit adieu \u00e0 une ic\u00f4ne | DISPLAY Magazin","og_description":"Dolly Parton est morte. La l\u00e9gende de la country s\u2019est \u00e9teinte \u00e0 80 ans apr\u00e8s un bref combat contre le cancer. Beyonc\u00e9, Taylor Swift, Sabrina Carpenter, Elton John et d\u2019autres stars saluent une ic\u00f4ne.","og_url":"https:\/\/www.display-magazin.ch\/fr\/stars-pleurent-dolly-parton-icone-country\/","og_site_name":"DISPLAY Magazin","article_publisher":"https:\/\/www.facebook.com\/displaymagazin","article_published_time":"2026-08-26T11:58:31+00:00","og_image":[{"url":"https:\/\/www.display-magazin.ch\/wp-content\/uploads\/2026\/08\/Miley_Cyrus_Primavera19_-226_48986293772_cropped-874x1260.jpg","type":"","width":"","height":""}],"author":"Andreas Koch","twitter_card":"summary_large_image","twitter_misc":{"\u00c9crit par":"Andreas Koch","Dur\u00e9e de lecture estim\u00e9e":"6 minutes"},"schema":{"@context":"https:\/\/schema.org","@graph":[{"@type":"Article","@id":"https:\/\/www.display-magazin.ch\/fr\/stars-pleurent-dolly-parton-icone-country\/#article","isPartOf":{"@id":"https:\/\/www.display-magazin.ch\/fr\/stars-pleurent-dolly-parton-icone-country\/"},"author":{"name":"Andreas Koch","@id":"https:\/\/www.display-magazin.ch\/fr\/#\/schema\/person\/8d10c93aa28db54b8c7102228b3d796c"},"headline":"Les stars pleurent Dolly Parton: le monde dit adieu \u00e0 une ic\u00f4ne","datePublished":"2026-08-26T11:58:31+00:00","mainEntityOfPage":{"@id":"https:\/\/www.display-magazin.ch\/fr\/stars-pleurent-dolly-parton-icone-country\/"},"wordCount":1250,"publisher":{"@id":"https:\/\/www.display-magazin.ch\/fr\/#organization"},"image":{"@id":"https:\/\/www.display-magazin.ch\/fr\/stars-pleurent-dolly-parton-icone-country\/#primaryimage"},"thumbnailUrl":"https:\/\/www.display-magazin.ch\/wp-content\/uploads\/2026\/08\/Dolly_Parton_-_RCA_Press_Photo_1970-Copia.jpg","articleSection":["Musique"],"inLanguage":"fr-FR"},{"@type":"WebPage","@id":"https:\/\/www.display-magazin.ch\/fr\/stars-pleurent-dolly-parton-icone-country\/","url":"https:\/\/www.display-magazin.ch\/fr\/stars-pleurent-dolly-parton-icone-country\/","name":"Les stars pleurent Dolly Parton: le monde dit adieu \u00e0 une ic\u00f4ne | DISPLAY Magazin","isPartOf":{"@id":"https:\/\/www.display-magazin.ch\/fr\/#website"},"primaryImageOfPage":{"@id":"https:\/\/www.display-magazin.ch\/fr\/stars-pleurent-dolly-parton-icone-country\/#primaryimage"},"image":{"@id":"https:\/\/www.display-magazin.ch\/fr\/stars-pleurent-dolly-parton-icone-country\/#primaryimage"},"thumbnailUrl":"https:\/\/www.display-magazin.ch\/wp-content\/uploads\/2026\/08\/Dolly_Parton_-_RCA_Press_Photo_1970-Copia.jpg","datePublished":"2026-08-26T11:58:31+00:00","description":"Dolly Parton est morte. La l\u00e9gende de la country s\u2019est \u00e9teinte \u00e0 80 ans apr\u00e8s un bref combat contre le cancer. Beyonc\u00e9, Taylor Swift, Sabrina Carpenter, Elton John et d\u2019autres stars saluent une ic\u00f4ne.","breadcrumb":{"@id":"https:\/\/www.display-magazin.ch\/fr\/stars-pleurent-dolly-parton-icone-country\/#breadcrumb"},"inLanguage":"fr-FR","potentialAction":[{"@type":"ReadAction","target":["https:\/\/www.display-magazin.ch\/fr\/stars-pleurent-dolly-parton-icone-country\/"]}]},{"@type":"ImageObject","inLanguage":"fr-FR","@id":"https:\/\/www.display-magazin.ch\/fr\/stars-pleurent-dolly-parton-icone-country\/#primaryimage","url":"https:\/\/www.display-magazin.ch\/wp-content\/uploads\/2026\/08\/Dolly_Parton_-_RCA_Press_Photo_1970-Copia.jpg","contentUrl":"https:\/\/www.display-magazin.ch\/wp-content\/uploads\/2026\/08\/Dolly_Parton_-_RCA_Press_Photo_1970-Copia.jpg","width":2403,"height":2086,"caption":"Bild: RCA Records, Public domain, via Wikimedia Commons"},{"@type":"BreadcrumbList","@id":"https:\/\/www.display-magazin.ch\/fr\/stars-pleurent-dolly-parton-icone-country\/#breadcrumb","itemListElement":[{"@type":"ListItem","position":1,"name":"Startseite","item":"https:\/\/www.display-magazin.ch\/fr\/home\/"},{"@type":"ListItem","position":2,"name":"Les stars pleurent Dolly Parton: le monde dit adieu \u00e0 une ic\u00f4ne"}]},{"@type":"WebSite","@id":"https:\/\/www.display-magazin.ch\/fr\/#website","url":"https:\/\/www.display-magazin.ch\/fr\/","name":"DISPLAY Magazin","description":"Das Schweizer Lifestyle-Magazin f\u00fcr Gay and Friends","publisher":{"@id":"https:\/\/www.display-magazin.ch\/fr\/#organization"},"potentialAction":[{"@type":"SearchAction","target":{"@type":"EntryPoint","urlTemplate":"https:\/\/www.display-magazin.ch\/fr\/?s={search_term_string}"},"query-input":{"@type":"PropertyValueSpecification","valueRequired":true,"valueName":"search_term_string"}}],"inLanguage":"fr-FR"},{"@type":"Organization","@id":"https:\/\/www.display-magazin.ch\/fr\/#organization","name":"DISPLAY Magazin","url":"https:\/\/www.display-magazin.ch\/fr\/","logo":{"@type":"ImageObject","inLanguage":"fr-FR","@id":"https:\/\/www.display-magazin.ch\/fr\/#\/schema\/logo\/image\/","url":"https:\/\/www.display-magazin.ch\/wp-content\/uploads\/2026\/03\/display_web-logo.png","contentUrl":"https:\/\/www.display-magazin.ch\/wp-content\/uploads\/2026\/03\/display_web-logo.png","width":411,"height":546,"caption":"DISPLAY Magazin"},"image":{"@id":"https:\/\/www.display-magazin.ch\/fr\/#\/schema\/logo\/image\/"},"sameAs":["https:\/\/www.facebook.com\/displaymagazin","https:\/\/www.instagram.com\/display.magazin\/"]},{"@type":"Person","@id":"https:\/\/www.display-magazin.ch\/fr\/#\/schema\/person\/8d10c93aa28db54b8c7102228b3d796c","name":"Andreas Koch","image":{"@type":"ImageObject","inLanguage":"fr-FR","@id":"https:\/\/www.display-magazin.ch\/wp-content\/uploads\/2026\/03\/logo_ohneSchrift-e1774598483338-100x100.png","url":"https:\/\/www.display-magazin.ch\/wp-content\/uploads\/2026\/03\/logo_ohneSchrift-e1774598483338-100x100.png","contentUrl":"https:\/\/www.display-magazin.ch\/wp-content\/uploads\/2026\/03\/logo_ohneSchrift-e1774598483338-100x100.png","caption":"Andreas Koch"}}]}},"publishpress_future_action":{"enabled":false,"date":"2026-09-08 10:28:46","action":"change-status","newStatus":"draft","terms":[],"taxonomy":"category","extraData":[]},"publishpress_future_workflow_manual_trigger":{"enabledWorkflows":[]},"_links":{"self":[{"href":"https:\/\/www.display-magazin.ch\/fr\/wp-json\/wp\/v2\/posts\/23516","targetHints":{"allow":["GET"]}}],"collection":[{"href":"https:\/\/www.display-magazin.ch\/fr\/wp-json\/wp\/v2\/posts"}],"about":[{"href":"https:\/\/www.display-magazin.ch\/fr\/wp-json\/wp\/v2\/types\/post"}],"author":[{"embeddable":true,"href":"https:\/\/www.display-magazin.ch\/fr\/wp-json\/wp\/v2\/users\/72"}],"replies":[{"embeddable":true,"href":"https:\/\/www.display-magazin.ch\/fr\/wp-json\/wp\/v2\/comments?post=23516"}],"version-history":[{"count":0,"href":"https:\/\/www.display-magazin.ch\/fr\/wp-json\/wp\/v2\/posts\/23516\/revisions"}],"wp:featuredmedia":[{"embeddable":true,"href":"https:\/\/www.display-magazin.ch\/fr\/wp-json\/wp\/v2\/media\/23454"}],"wp:attachment":[{"href":"https:\/\/www.display-magazin.ch\/fr\/wp-json\/wp\/v2\/media?parent=23516"}],"wp:term":[{"taxonomy":"category","embeddable":true,"href":"https:\/\/www.display-magazin.ch\/fr\/wp-json\/wp\/v2\/categories?post=23516"},{"taxonomy":"post_tag","embeddable":true,"href":"https:\/\/www.display-magazin.ch\/fr\/wp-json\/wp\/v2\/tags?post=23516"}],"curies":[{"name":"wp","href":"https:\/\/api.w.org\/{rel}","templated":true}]}}