{"id":23507,"date":"2026-08-25T16:27:57","date_gmt":"2026-08-25T14:27:57","guid":{"rendered":"https:\/\/www.display-magazin.ch\/bill-kaulitz-dye-my-hair-nouveau-single\/"},"modified":"2026-08-25T16:27:57","modified_gmt":"2026-08-25T14:27:57","slug":"bill-kaulitz-dye-my-hair-nouveau-single","status":"publish","type":"post","link":"https:\/\/www.display-magazin.ch\/fr\/bill-kaulitz-dye-my-hair-nouveau-single\/","title":{"rendered":"Bill Kaulitz l\u2019a officialis\u00e9: \u00abDye My Hair\u00bb est le nouveau single"},"content":{"rendered":"<p dir=\"ltr\">Bill Kaulitz a annonc\u00e9 le nouveau single <strong>\u00abDye My Hair\u00bb<\/strong>, le cinqui\u00e8me morceau du prochain album de <strong>Tokio Hotel<\/strong>, <strong>\u00abEncore\u00bb<\/strong>, qui sort le <strong>16 octobre<\/strong>. Le titre rejoint ainsi une liste qui a d\u00e9j\u00e0 fait monter l\u2019attente avec les singles <strong>\u00abWithout You\u00bb, \u00abMemory Lane\u00bb, \u00abChanges\u00bb<\/strong> et <strong>\u00abCalifornia Nights\u00bb<\/strong>. C\u2019est le premier album du groupe depuis quatre ans \u2013 apr\u00e8s \u00ab2001\u00bb, paru en 2022 \u2013 et son titre n\u2019est pas choisi au hasard: \u00abEncore\u00bb se veut \u00e0 la fois une promesse faite aux fans et le d\u00e9but d\u2019un nouveau chapitre.<\/p>\n<p dir=\"ltr\">Au total, l\u2019album compte douze titres, parmi lesquels \u00abCall Me By Your Name\u00bb, \u00abHomesick\u00bb et \u00abTerminal 1\u00bb. Le groupe promet un son qui oscille entre souvenir et nouveau d\u00e9part \u2013 nostalgique et pourtant ind\u00e9niablement plus m\u00fbr.<\/p>\n<p dir=\"ltr\">Pour une figure de proue qui ren\u00e9gocie depuis deux d\u00e9cennies les normes de genre et les questions de style sur sc\u00e8ne, \u00abDye My Hair\u00bb sonne presque comme une annonce: se r\u00e9inventer, enti\u00e8rement selon ses propres r\u00e8gles.<\/p>\n<p>Vous voyez actuellement un contenu de substitution de <strong>YouTube<\/strong>. Pour acc\u00e9der au contenu r\u00e9el, cliquez sur le bouton ci-dessous. Veuillez noter que des donn\u00e9es seront alors transmises \u00e0 des tiers.<\/p>\n<p> <a href=\"#\" data-borlabs-cookie-show-provider-information role=\"button\">Plus d\u2019informations<\/a>   <a href=\"#\" data-borlabs-cookie-unblock role=\"button\">D\u00e9bloquer le contenu<\/a> <a href=\"#\" data-borlabs-cookie-accept-service role=\"button\" style=\"display: inherit\">Accepter le service requis et d\u00e9bloquer les contenus<\/a><\/p>\n<p><em>Texte: Andreas Koch.<\/em><\/p>\n<p><em>Traduit de l\u2019allemand \u2013 article paru sur display-magazin.ch.<\/em><\/p>\n","protected":false},"excerpt":{"rendered":"<p>Le cinqui\u00e8me single de \u00abEncore\u00bb, le prochain album de Tokio Hotel, est sorti \u2013 et Bill Kaulitz prouve une fois de plus qu\u2019apr\u00e8s deux d\u00e9cennies dans le m\u00e9tier, il fait toujours parler de lui.<\/p>\n","protected":false},"author":72,"featured_media":23386,"comment_status":"","ping_status":"open","sticky":false,"template":"","format":"standard","meta":{"footnotes":""},"categories":[493],"tags":[],"class_list":["post-23507","post","type-post","status-publish","format-standard","has-post-thumbnail","hentry","category-musique"],"yoast_head":"<!-- This site is optimized with the Yoast SEO plugin v27.9 - https:\/\/yoast.com\/product\/yoast-seo-wordpress\/ -->\n<title>Bill Kaulitz l\u2019a officialis\u00e9: \u00abDye My Hair\u00bb est le nouveau single | DISPLAY Magazin<\/title>\n<meta name=\"description\" content=\"Le cinqui\u00e8me single de \u00abEncore\u00bb, le prochain album de Tokio Hotel, est sorti \u2013 et Bill Kaulitz prouve une fois de plus qu\u2019apr\u00e8s deux d\u00e9cennies dans le m\u00e9tier, il fait toujours parler de lui.\" \/>\n<meta name=\"robots\" content=\"index, follow, max-snippet:-1, max-image-preview:large, max-video-preview:-1\" \/>\n<link rel=\"canonical\" href=\"https:\/\/www.display-magazin.ch\/fr\/bill-kaulitz-dye-my-hair-nouveau-single\/\" \/>\n<meta property=\"og:locale\" content=\"fr_FR\" \/>\n<meta property=\"og:type\" content=\"article\" \/>\n<meta property=\"og:title\" content=\"Bill Kaulitz l\u2019a officialis\u00e9: \u00abDye My Hair\u00bb est le nouveau single | DISPLAY Magazin\" \/>\n<meta property=\"og:description\" content=\"Le cinqui\u00e8me single de \u00abEncore\u00bb, le prochain album de Tokio Hotel, est sorti \u2013 et Bill Kaulitz prouve une fois de plus qu\u2019apr\u00e8s deux d\u00e9cennies dans le m\u00e9tier, il fait toujours parler de lui.\" \/>\n<meta property=\"og:url\" content=\"https:\/\/www.display-magazin.ch\/fr\/bill-kaulitz-dye-my-hair-nouveau-single\/\" \/>\n<meta property=\"og:site_name\" content=\"DISPLAY Magazin\" \/>\n<meta property=\"article:publisher\" content=\"https:\/\/www.facebook.com\/displaymagazin\" \/>\n<meta property=\"article:published_time\" content=\"2026-08-25T14:27:57+00:00\" \/>\n<meta name=\"author\" content=\"Andreas Koch\" \/>\n<meta name=\"twitter:card\" content=\"summary_large_image\" \/>\n<meta name=\"twitter:label1\" content=\"\u00c9crit par\" \/>\n\t<meta name=\"twitter:data1\" content=\"Andreas Koch\" \/>\n\t<meta name=\"twitter:label2\" content=\"Dur\u00e9e de lecture estim\u00e9e\" \/>\n\t<meta name=\"twitter:data2\" content=\"1 minute\" \/>\n<script type=\"application\/ld+json\" class=\"yoast-schema-graph\">{\"@context\":\"https:\\\/\\\/schema.org\",\"@graph\":[{\"@type\":\"Article\",\"@id\":\"https:\\\/\\\/www.display-magazin.ch\\\/fr\\\/bill-kaulitz-dye-my-hair-nouveau-single\\\/#article\",\"isPartOf\":{\"@id\":\"https:\\\/\\\/www.display-magazin.ch\\\/fr\\\/bill-kaulitz-dye-my-hair-nouveau-single\\\/\"},\"author\":{\"name\":\"Andreas Koch\",\"@id\":\"https:\\\/\\\/www.display-magazin.ch\\\/fr\\\/#\\\/schema\\\/person\\\/8d10c93aa28db54b8c7102228b3d796c\"},\"headline\":\"Bill Kaulitz l\u2019a officialis\u00e9: \u00abDye My Hair\u00bb est le nouveau single\",\"datePublished\":\"2026-08-25T14:27:57+00:00\",\"mainEntityOfPage\":{\"@id\":\"https:\\\/\\\/www.display-magazin.ch\\\/fr\\\/bill-kaulitz-dye-my-hair-nouveau-single\\\/\"},\"wordCount\":243,\"publisher\":{\"@id\":\"https:\\\/\\\/www.display-magazin.ch\\\/fr\\\/#organization\"},\"image\":{\"@id\":\"https:\\\/\\\/www.display-magazin.ch\\\/fr\\\/bill-kaulitz-dye-my-hair-nouveau-single\\\/#primaryimage\"},\"thumbnailUrl\":\"https:\\\/\\\/www.display-magazin.ch\\\/wp-content\\\/uploads\\\/2026\\\/08\\\/WhatsApp-Image-2026-08-25-at-08.39.01.jpeg\",\"articleSection\":[\"Musique\"],\"inLanguage\":\"fr-FR\"},{\"@type\":\"WebPage\",\"@id\":\"https:\\\/\\\/www.display-magazin.ch\\\/fr\\\/bill-kaulitz-dye-my-hair-nouveau-single\\\/\",\"url\":\"https:\\\/\\\/www.display-magazin.ch\\\/fr\\\/bill-kaulitz-dye-my-hair-nouveau-single\\\/\",\"name\":\"Bill Kaulitz l\u2019a officialis\u00e9: \u00abDye My Hair\u00bb est le nouveau single | DISPLAY Magazin\",\"isPartOf\":{\"@id\":\"https:\\\/\\\/www.display-magazin.ch\\\/fr\\\/#website\"},\"primaryImageOfPage\":{\"@id\":\"https:\\\/\\\/www.display-magazin.ch\\\/fr\\\/bill-kaulitz-dye-my-hair-nouveau-single\\\/#primaryimage\"},\"image\":{\"@id\":\"https:\\\/\\\/www.display-magazin.ch\\\/fr\\\/bill-kaulitz-dye-my-hair-nouveau-single\\\/#primaryimage\"},\"thumbnailUrl\":\"https:\\\/\\\/www.display-magazin.ch\\\/wp-content\\\/uploads\\\/2026\\\/08\\\/WhatsApp-Image-2026-08-25-at-08.39.01.jpeg\",\"datePublished\":\"2026-08-25T14:27:57+00:00\",\"description\":\"Le cinqui\u00e8me single de \u00abEncore\u00bb, le prochain album de Tokio Hotel, est sorti \u2013 et Bill Kaulitz prouve une fois de plus qu\u2019apr\u00e8s deux d\u00e9cennies dans le m\u00e9tier, il fait toujours parler de lui.\",\"breadcrumb\":{\"@id\":\"https:\\\/\\\/www.display-magazin.ch\\\/fr\\\/bill-kaulitz-dye-my-hair-nouveau-single\\\/#breadcrumb\"},\"inLanguage\":\"fr-FR\",\"potentialAction\":[{\"@type\":\"ReadAction\",\"target\":[\"https:\\\/\\\/www.display-magazin.ch\\\/fr\\\/bill-kaulitz-dye-my-hair-nouveau-single\\\/\"]}]},{\"@type\":\"ImageObject\",\"inLanguage\":\"fr-FR\",\"@id\":\"https:\\\/\\\/www.display-magazin.ch\\\/fr\\\/bill-kaulitz-dye-my-hair-nouveau-single\\\/#primaryimage\",\"url\":\"https:\\\/\\\/www.display-magazin.ch\\\/wp-content\\\/uploads\\\/2026\\\/08\\\/WhatsApp-Image-2026-08-25-at-08.39.01.jpeg\",\"contentUrl\":\"https:\\\/\\\/www.display-magazin.ch\\\/wp-content\\\/uploads\\\/2026\\\/08\\\/WhatsApp-Image-2026-08-25-at-08.39.01.jpeg\",\"width\":1170,\"height\":1154,\"caption\":\"Bild: Bild Kaulitz via Instagram | Tokio Hotel\"},{\"@type\":\"BreadcrumbList\",\"@id\":\"https:\\\/\\\/www.display-magazin.ch\\\/fr\\\/bill-kaulitz-dye-my-hair-nouveau-single\\\/#breadcrumb\",\"itemListElement\":[{\"@type\":\"ListItem\",\"position\":1,\"name\":\"Startseite\",\"item\":\"https:\\\/\\\/www.display-magazin.ch\\\/fr\\\/home\\\/\"},{\"@type\":\"ListItem\",\"position\":2,\"name\":\"Bill Kaulitz l\u2019a officialis\u00e9: \u00abDye My Hair\u00bb est le nouveau single\"}]},{\"@type\":\"WebSite\",\"@id\":\"https:\\\/\\\/www.display-magazin.ch\\\/fr\\\/#website\",\"url\":\"https:\\\/\\\/www.display-magazin.ch\\\/fr\\\/\",\"name\":\"DISPLAY Magazin\",\"description\":\"Das Schweizer Lifestyle-Magazin f\u00fcr Gay and Friends\",\"publisher\":{\"@id\":\"https:\\\/\\\/www.display-magazin.ch\\\/fr\\\/#organization\"},\"potentialAction\":[{\"@type\":\"SearchAction\",\"target\":{\"@type\":\"EntryPoint\",\"urlTemplate\":\"https:\\\/\\\/www.display-magazin.ch\\\/fr\\\/?s={search_term_string}\"},\"query-input\":{\"@type\":\"PropertyValueSpecification\",\"valueRequired\":true,\"valueName\":\"search_term_string\"}}],\"inLanguage\":\"fr-FR\"},{\"@type\":\"Organization\",\"@id\":\"https:\\\/\\\/www.display-magazin.ch\\\/fr\\\/#organization\",\"name\":\"DISPLAY Magazin\",\"url\":\"https:\\\/\\\/www.display-magazin.ch\\\/fr\\\/\",\"logo\":{\"@type\":\"ImageObject\",\"inLanguage\":\"fr-FR\",\"@id\":\"https:\\\/\\\/www.display-magazin.ch\\\/fr\\\/#\\\/schema\\\/logo\\\/image\\\/\",\"url\":\"https:\\\/\\\/www.display-magazin.ch\\\/wp-content\\\/uploads\\\/2026\\\/03\\\/display_web-logo.png\",\"contentUrl\":\"https:\\\/\\\/www.display-magazin.ch\\\/wp-content\\\/uploads\\\/2026\\\/03\\\/display_web-logo.png\",\"width\":411,\"height\":546,\"caption\":\"DISPLAY Magazin\"},\"image\":{\"@id\":\"https:\\\/\\\/www.display-magazin.ch\\\/fr\\\/#\\\/schema\\\/logo\\\/image\\\/\"},\"sameAs\":[\"https:\\\/\\\/www.facebook.com\\\/displaymagazin\",\"https:\\\/\\\/www.instagram.com\\\/display.magazin\\\/\"]},{\"@type\":\"Person\",\"@id\":\"https:\\\/\\\/www.display-magazin.ch\\\/fr\\\/#\\\/schema\\\/person\\\/8d10c93aa28db54b8c7102228b3d796c\",\"name\":\"Andreas Koch\",\"image\":{\"@type\":\"ImageObject\",\"inLanguage\":\"fr-FR\",\"@id\":\"https:\\\/\\\/www.display-magazin.ch\\\/wp-content\\\/uploads\\\/2026\\\/03\\\/logo_ohneSchrift-e1774598483338-100x100.png\",\"url\":\"https:\\\/\\\/www.display-magazin.ch\\\/wp-content\\\/uploads\\\/2026\\\/03\\\/logo_ohneSchrift-e1774598483338-100x100.png\",\"contentUrl\":\"https:\\\/\\\/www.display-magazin.ch\\\/wp-content\\\/uploads\\\/2026\\\/03\\\/logo_ohneSchrift-e1774598483338-100x100.png\",\"caption\":\"Andreas Koch\"}}]}<\/script>\n<!-- \/ Yoast SEO plugin. -->","yoast_head_json":{"title":"Bill Kaulitz l\u2019a officialis\u00e9: \u00abDye My Hair\u00bb est le nouveau single | DISPLAY Magazin","description":"Le cinqui\u00e8me single de \u00abEncore\u00bb, le prochain album de Tokio Hotel, est sorti \u2013 et Bill Kaulitz prouve une fois de plus qu\u2019apr\u00e8s deux d\u00e9cennies dans le m\u00e9tier, il fait toujours parler de lui.","robots":{"index":"index","follow":"follow","max-snippet":"max-snippet:-1","max-image-preview":"max-image-preview:large","max-video-preview":"max-video-preview:-1"},"canonical":"https:\/\/www.display-magazin.ch\/fr\/bill-kaulitz-dye-my-hair-nouveau-single\/","og_locale":"fr_FR","og_type":"article","og_title":"Bill Kaulitz l\u2019a officialis\u00e9: \u00abDye My Hair\u00bb est le nouveau single | DISPLAY Magazin","og_description":"Le cinqui\u00e8me single de \u00abEncore\u00bb, le prochain album de Tokio Hotel, est sorti \u2013 et Bill Kaulitz prouve une fois de plus qu\u2019apr\u00e8s deux d\u00e9cennies dans le m\u00e9tier, il fait toujours parler de lui.","og_url":"https:\/\/www.display-magazin.ch\/fr\/bill-kaulitz-dye-my-hair-nouveau-single\/","og_site_name":"DISPLAY Magazin","article_publisher":"https:\/\/www.facebook.com\/displaymagazin","article_published_time":"2026-08-25T14:27:57+00:00","author":"Andreas Koch","twitter_card":"summary_large_image","twitter_misc":{"\u00c9crit par":"Andreas Koch","Dur\u00e9e de lecture estim\u00e9e":"1 minute"},"schema":{"@context":"https:\/\/schema.org","@graph":[{"@type":"Article","@id":"https:\/\/www.display-magazin.ch\/fr\/bill-kaulitz-dye-my-hair-nouveau-single\/#article","isPartOf":{"@id":"https:\/\/www.display-magazin.ch\/fr\/bill-kaulitz-dye-my-hair-nouveau-single\/"},"author":{"name":"Andreas Koch","@id":"https:\/\/www.display-magazin.ch\/fr\/#\/schema\/person\/8d10c93aa28db54b8c7102228b3d796c"},"headline":"Bill Kaulitz l\u2019a officialis\u00e9: \u00abDye My Hair\u00bb est le nouveau single","datePublished":"2026-08-25T14:27:57+00:00","mainEntityOfPage":{"@id":"https:\/\/www.display-magazin.ch\/fr\/bill-kaulitz-dye-my-hair-nouveau-single\/"},"wordCount":243,"publisher":{"@id":"https:\/\/www.display-magazin.ch\/fr\/#organization"},"image":{"@id":"https:\/\/www.display-magazin.ch\/fr\/bill-kaulitz-dye-my-hair-nouveau-single\/#primaryimage"},"thumbnailUrl":"https:\/\/www.display-magazin.ch\/wp-content\/uploads\/2026\/08\/WhatsApp-Image-2026-08-25-at-08.39.01.jpeg","articleSection":["Musique"],"inLanguage":"fr-FR"},{"@type":"WebPage","@id":"https:\/\/www.display-magazin.ch\/fr\/bill-kaulitz-dye-my-hair-nouveau-single\/","url":"https:\/\/www.display-magazin.ch\/fr\/bill-kaulitz-dye-my-hair-nouveau-single\/","name":"Bill Kaulitz l\u2019a officialis\u00e9: \u00abDye My Hair\u00bb est le nouveau single | DISPLAY Magazin","isPartOf":{"@id":"https:\/\/www.display-magazin.ch\/fr\/#website"},"primaryImageOfPage":{"@id":"https:\/\/www.display-magazin.ch\/fr\/bill-kaulitz-dye-my-hair-nouveau-single\/#primaryimage"},"image":{"@id":"https:\/\/www.display-magazin.ch\/fr\/bill-kaulitz-dye-my-hair-nouveau-single\/#primaryimage"},"thumbnailUrl":"https:\/\/www.display-magazin.ch\/wp-content\/uploads\/2026\/08\/WhatsApp-Image-2026-08-25-at-08.39.01.jpeg","datePublished":"2026-08-25T14:27:57+00:00","description":"Le cinqui\u00e8me single de \u00abEncore\u00bb, le prochain album de Tokio Hotel, est sorti \u2013 et Bill Kaulitz prouve une fois de plus qu\u2019apr\u00e8s deux d\u00e9cennies dans le m\u00e9tier, il fait toujours parler de lui.","breadcrumb":{"@id":"https:\/\/www.display-magazin.ch\/fr\/bill-kaulitz-dye-my-hair-nouveau-single\/#breadcrumb"},"inLanguage":"fr-FR","potentialAction":[{"@type":"ReadAction","target":["https:\/\/www.display-magazin.ch\/fr\/bill-kaulitz-dye-my-hair-nouveau-single\/"]}]},{"@type":"ImageObject","inLanguage":"fr-FR","@id":"https:\/\/www.display-magazin.ch\/fr\/bill-kaulitz-dye-my-hair-nouveau-single\/#primaryimage","url":"https:\/\/www.display-magazin.ch\/wp-content\/uploads\/2026\/08\/WhatsApp-Image-2026-08-25-at-08.39.01.jpeg","contentUrl":"https:\/\/www.display-magazin.ch\/wp-content\/uploads\/2026\/08\/WhatsApp-Image-2026-08-25-at-08.39.01.jpeg","width":1170,"height":1154,"caption":"Bild: Bild Kaulitz via Instagram | Tokio Hotel"},{"@type":"BreadcrumbList","@id":"https:\/\/www.display-magazin.ch\/fr\/bill-kaulitz-dye-my-hair-nouveau-single\/#breadcrumb","itemListElement":[{"@type":"ListItem","position":1,"name":"Startseite","item":"https:\/\/www.display-magazin.ch\/fr\/home\/"},{"@type":"ListItem","position":2,"name":"Bill Kaulitz l\u2019a officialis\u00e9: \u00abDye My Hair\u00bb est le nouveau single"}]},{"@type":"WebSite","@id":"https:\/\/www.display-magazin.ch\/fr\/#website","url":"https:\/\/www.display-magazin.ch\/fr\/","name":"DISPLAY Magazin","description":"Das Schweizer Lifestyle-Magazin f\u00fcr Gay and Friends","publisher":{"@id":"https:\/\/www.display-magazin.ch\/fr\/#organization"},"potentialAction":[{"@type":"SearchAction","target":{"@type":"EntryPoint","urlTemplate":"https:\/\/www.display-magazin.ch\/fr\/?s={search_term_string}"},"query-input":{"@type":"PropertyValueSpecification","valueRequired":true,"valueName":"search_term_string"}}],"inLanguage":"fr-FR"},{"@type":"Organization","@id":"https:\/\/www.display-magazin.ch\/fr\/#organization","name":"DISPLAY Magazin","url":"https:\/\/www.display-magazin.ch\/fr\/","logo":{"@type":"ImageObject","inLanguage":"fr-FR","@id":"https:\/\/www.display-magazin.ch\/fr\/#\/schema\/logo\/image\/","url":"https:\/\/www.display-magazin.ch\/wp-content\/uploads\/2026\/03\/display_web-logo.png","contentUrl":"https:\/\/www.display-magazin.ch\/wp-content\/uploads\/2026\/03\/display_web-logo.png","width":411,"height":546,"caption":"DISPLAY Magazin"},"image":{"@id":"https:\/\/www.display-magazin.ch\/fr\/#\/schema\/logo\/image\/"},"sameAs":["https:\/\/www.facebook.com\/displaymagazin","https:\/\/www.instagram.com\/display.magazin\/"]},{"@type":"Person","@id":"https:\/\/www.display-magazin.ch\/fr\/#\/schema\/person\/8d10c93aa28db54b8c7102228b3d796c","name":"Andreas Koch","image":{"@type":"ImageObject","inLanguage":"fr-FR","@id":"https:\/\/www.display-magazin.ch\/wp-content\/uploads\/2026\/03\/logo_ohneSchrift-e1774598483338-100x100.png","url":"https:\/\/www.display-magazin.ch\/wp-content\/uploads\/2026\/03\/logo_ohneSchrift-e1774598483338-100x100.png","contentUrl":"https:\/\/www.display-magazin.ch\/wp-content\/uploads\/2026\/03\/logo_ohneSchrift-e1774598483338-100x100.png","caption":"Andreas Koch"}}]}},"publishpress_future_action":{"enabled":false,"date":"2026-09-08 10:28:53","action":"change-status","newStatus":"draft","terms":[],"taxonomy":"category","extraData":[]},"publishpress_future_workflow_manual_trigger":{"enabledWorkflows":[]},"_links":{"self":[{"href":"https:\/\/www.display-magazin.ch\/fr\/wp-json\/wp\/v2\/posts\/23507","targetHints":{"allow":["GET"]}}],"collection":[{"href":"https:\/\/www.display-magazin.ch\/fr\/wp-json\/wp\/v2\/posts"}],"about":[{"href":"https:\/\/www.display-magazin.ch\/fr\/wp-json\/wp\/v2\/types\/post"}],"author":[{"embeddable":true,"href":"https:\/\/www.display-magazin.ch\/fr\/wp-json\/wp\/v2\/users\/72"}],"replies":[{"embeddable":true,"href":"https:\/\/www.display-magazin.ch\/fr\/wp-json\/wp\/v2\/comments?post=23507"}],"version-history":[{"count":0,"href":"https:\/\/www.display-magazin.ch\/fr\/wp-json\/wp\/v2\/posts\/23507\/revisions"}],"wp:featuredmedia":[{"embeddable":true,"href":"https:\/\/www.display-magazin.ch\/fr\/wp-json\/wp\/v2\/media\/23386"}],"wp:attachment":[{"href":"https:\/\/www.display-magazin.ch\/fr\/wp-json\/wp\/v2\/media?parent=23507"}],"wp:term":[{"taxonomy":"category","embeddable":true,"href":"https:\/\/www.display-magazin.ch\/fr\/wp-json\/wp\/v2\/categories?post=23507"},{"taxonomy":"post_tag","embeddable":true,"href":"https:\/\/www.display-magazin.ch\/fr\/wp-json\/wp\/v2\/tags?post=23507"}],"curies":[{"name":"wp","href":"https:\/\/api.w.org\/{rel}","templated":true}]}}