{"id":23372,"date":"2026-08-18T13:21:06","date_gmt":"2026-08-18T11:21:06","guid":{"rendered":"https:\/\/www.display-magazin.ch\/neil-patrick-harris-jai-du-faire-mon-coming-out\/"},"modified":"2026-08-18T13:21:06","modified_gmt":"2026-08-18T11:21:06","slug":"neil-patrick-harris-jai-du-faire-mon-coming-out","status":"publish","type":"post","link":"https:\/\/www.display-magazin.ch\/fr\/neil-patrick-harris-jai-du-faire-mon-coming-out\/","title":{"rendered":"Neil Patrick Harris: J\u2019ai d\u00fb faire mon coming out avant que d\u2019autres ne le fassent"},"content":{"rendered":"<p>Aujourd\u2019hui, Neil Patrick Harris vit ouvertement son homosexualit\u00e9, il est depuis des ann\u00e9es avec son mari David Burtka et il a deux enfants avec lui. En 2006, le monde avait pourtant encore un autre visage \u2013 et son coming out public \u00e0 33 ans n\u2019a manifestement pas \u00e9t\u00e9 le geste de lib\u00e9ration pleinement choisi qu\u2019il pourrait sembler \u00eatre avec le recul.<\/p>\n<p>Dans le podcast <strong>\u00abGreat Company\u00bb<\/strong>, l\u2019acteur raconte aujourd\u2019hui que des blogs et des m\u00e9dias en ligne sp\u00e9culaient \u00e0 l\u2019\u00e9poque sur sa sexualit\u00e9 et qu\u2019un outing forc\u00e9 le mena\u00e7ait. Harris a donc d\u00e9cid\u00e9 de prendre lui-m\u00eame la parole en public \u2013 avant que d\u2019autres ne racontent son histoire \u00e0 sa place.<\/p>\n<h3>Surtout pas de \u00abscandale\u00bb<\/h3>\n<figure><img decoding=\"async\" src=\"https:\/\/www.display-magazin.ch\/wp-content\/uploads\/2026\/08\/DISPLAY_neil-patrick-harris-ich-musste_02-scaled.jpg\" alt=\"\" \/><figcaption>By Library of Congress Life &#8211; Wikimedia (Photo: By Harald Krichel &#8211; Wikimedia)<\/figcaption><\/figure>\n<p>Harris voulait avant tout \u00e9viter d\u2019avoir soudain \u00e0 r\u00e9agir \u00e0 une pr\u00e9tendue r\u00e9v\u00e9lation. Il n\u2019avait aucune envie d\u2019un \u00abscandale\u00bb et ne voulait pas devoir prendre position apr\u00e8s coup sur une histoire \u2013 qu\u2019elle soit vraie ou non.<\/p>\n<p>Il est donc pass\u00e9 \u00e0 l\u2019offensive.<\/p>\n<p>Cela ne s\u2019est pas fait sans peur. Harris craignait que l\u2019\u00e9tiquette \u00abgay\u00bb ne d\u00e9termine d\u00e9sormais sa carri\u00e8re et ne lui colle \u00e0 la peau comme un stigmate. Une crainte qui, heureusement, ne s\u2019est en grande partie pas confirm\u00e9e.<\/p>\n<p>C\u2019est pr\u00e9cis\u00e9ment pour cela que son histoire fait aujourd\u2019hui l\u2019effet d\u2019un rappel: les conditions ont beaucoup chang\u00e9 pour les personnalit\u00e9s queers \u2013 et elles restent par endroits probl\u00e9matiques. Car un coming out n\u2019est vraiment libre que si la personne concern\u00e9e peut d\u00e9cider elle-m\u00eame <strong>si, quand et comment<\/strong> elle en parle.<\/p>\n<h3>Gay \u2013 mais toujours sous observation<\/h3>\n<p>Le rapport de Harris au public avait de toute fa\u00e7on commenc\u00e9 bien avant son coming out. Adolescent d\u00e9j\u00e0, il devenait une star avec la s\u00e9rie <strong>\u00abDoogie Howser, M.D.\u00bb<\/strong>.<\/p>\n<p>Avec le recul, il porte un regard plut\u00f4t critique sur cette c\u00e9l\u00e9brit\u00e9 pr\u00e9coce. Il lui a manqu\u00e9 une phase o\u00f9 il aurait pu simplement essayer, dans l\u2019anonymat, de savoir qui il voulait \u00eatre. Au lieu du chaos et des exp\u00e9riences de l\u2019adolescence, il \u00e9tait entour\u00e9 d\u2019adultes, de tournages et d\u2019attention publique. Se balader avec un look compl\u00e8tement diff\u00e9rent ou finir la soir\u00e9e dans un bar sans que personne ne regarde? Pour Harris, c\u2019\u00e9tait pratiquement impossible.<\/p>\n<p>Il en allait de m\u00eame pour sa sexualit\u00e9. Il savait certes qu\u2019il \u00e9tait gay \u2013 mais il ne pouvait gu\u00e8re s\u2019imaginer, \u00e0 l\u2019\u00e9poque, vivre un jour ouvertement en couple et fonder une famille.<\/p>\n<p>Aujourd\u2019hui, c\u2019est exactement sa r\u00e9alit\u00e9.<\/p>\n<p>Et c\u2019est peut-\u00eatre l\u00e0 la plus belle part de son histoire: <strong>ce dont Harris n\u2019osait m\u00eame pas r\u00eaver quand il \u00e9tait un jeune homme gay est depuis longtemps sa vie tout \u00e0 fait normale.<\/strong><\/p>\n<p><em>Texte: DISPLAY Online.<\/em><\/p>\n<p><em>Traduit de l\u2019allemand \u2013 article paru sur display-magazin.ch.<\/em><\/p>\n","protected":false},"excerpt":{"rendered":"<p>Neil Patrick Harris a parl\u00e9 publiquement de son homosexualit\u00e9 pour la premi\u00e8re fois en 2006. Pr\u00e8s de vingt ans plus tard, l\u2019acteur raconte que ce pas \u00e9tait moins volontaire que beaucoup ne l\u2019ont cru: des rumeurs en ligne mena\u00e7aient de le devancer.<\/p>\n","protected":false},"author":45,"featured_media":23138,"comment_status":"","ping_status":"open","sticky":false,"template":"","format":"standard","meta":{"footnotes":""},"categories":[462],"tags":[],"class_list":["post-23372","post","type-post","status-publish","format-standard","has-post-thumbnail","hentry","category-communaute"],"yoast_head":"<!-- This site is optimized with the Yoast SEO plugin v27.9 - https:\/\/yoast.com\/product\/yoast-seo-wordpress\/ -->\n<title>Neil Patrick Harris: J\u2019ai d\u00fb faire mon coming out avant que d\u2019autres ne le fassent | DISPLAY Magazin<\/title>\n<meta name=\"description\" content=\"Neil Patrick Harris a parl\u00e9 publiquement de son homosexualit\u00e9 pour la premi\u00e8re fois en 2006. Pr\u00e8s de vingt ans plus tard, l\u2019acteur raconte que ce pas \u00e9tait moins volontaire que beaucoup ne l\u2019ont cru: des rumeurs en ligne mena\u00e7aient de le devancer.\" \/>\n<meta name=\"robots\" content=\"index, follow, max-snippet:-1, max-image-preview:large, max-video-preview:-1\" \/>\n<link rel=\"canonical\" href=\"https:\/\/www.display-magazin.ch\/fr\/neil-patrick-harris-jai-du-faire-mon-coming-out\/\" \/>\n<meta property=\"og:locale\" content=\"fr_FR\" \/>\n<meta property=\"og:type\" content=\"article\" \/>\n<meta property=\"og:title\" content=\"Neil Patrick Harris: J\u2019ai d\u00fb faire mon coming out avant que d\u2019autres ne le fassent | DISPLAY Magazin\" \/>\n<meta property=\"og:description\" content=\"Neil Patrick Harris a parl\u00e9 publiquement de son homosexualit\u00e9 pour la premi\u00e8re fois en 2006. Pr\u00e8s de vingt ans plus tard, l\u2019acteur raconte que ce pas \u00e9tait moins volontaire que beaucoup ne l\u2019ont cru: des rumeurs en ligne mena\u00e7aient de le devancer.\" \/>\n<meta property=\"og:url\" content=\"https:\/\/www.display-magazin.ch\/fr\/neil-patrick-harris-jai-du-faire-mon-coming-out\/\" \/>\n<meta property=\"og:site_name\" content=\"DISPLAY Magazin\" \/>\n<meta property=\"article:publisher\" content=\"https:\/\/www.facebook.com\/displaymagazin\" \/>\n<meta property=\"article:published_time\" content=\"2026-08-18T11:21:06+00:00\" \/>\n<meta property=\"og:image\" content=\"https:\/\/www.display-magazin.ch\/wp-content\/uploads\/2026\/08\/DISPLAY_neil-patrick-harris-ich-musste_02-scaled.jpg\" \/>\n<meta name=\"author\" content=\"DISPLAY Online\" \/>\n<meta name=\"twitter:card\" content=\"summary_large_image\" \/>\n<meta name=\"twitter:label1\" content=\"\u00c9crit par\" \/>\n\t<meta name=\"twitter:data1\" content=\"DISPLAY en ligne\" \/>\n\t<meta name=\"twitter:label2\" content=\"Dur\u00e9e de lecture estim\u00e9e\" \/>\n\t<meta name=\"twitter:data2\" content=\"3 minutes\" \/>\n<script type=\"application\/ld+json\" class=\"yoast-schema-graph\">{\"@context\":\"https:\\\/\\\/schema.org\",\"@graph\":[{\"@type\":\"Article\",\"@id\":\"https:\\\/\\\/www.display-magazin.ch\\\/fr\\\/neil-patrick-harris-jai-du-faire-mon-coming-out\\\/#article\",\"isPartOf\":{\"@id\":\"https:\\\/\\\/www.display-magazin.ch\\\/fr\\\/neil-patrick-harris-jai-du-faire-mon-coming-out\\\/\"},\"author\":{\"name\":\"DISPLAY Online\",\"@id\":\"https:\\\/\\\/www.display-magazin.ch\\\/fr\\\/#\\\/schema\\\/person\\\/18cc762bfa5e54ae647c27b78b1fca4a\"},\"headline\":\"Neil Patrick Harris: J\u2019ai d\u00fb faire mon coming out avant que d\u2019autres ne le fassent\",\"datePublished\":\"2026-08-18T11:21:06+00:00\",\"mainEntityOfPage\":{\"@id\":\"https:\\\/\\\/www.display-magazin.ch\\\/fr\\\/neil-patrick-harris-jai-du-faire-mon-coming-out\\\/\"},\"wordCount\":526,\"publisher\":{\"@id\":\"https:\\\/\\\/www.display-magazin.ch\\\/fr\\\/#organization\"},\"image\":{\"@id\":\"https:\\\/\\\/www.display-magazin.ch\\\/fr\\\/neil-patrick-harris-jai-du-faire-mon-coming-out\\\/#primaryimage\"},\"thumbnailUrl\":\"https:\\\/\\\/www.display-magazin.ch\\\/wp-content\\\/uploads\\\/2026\\\/08\\\/DISPLAY_neil-patrick-harris-ich-musste_01-scaled.jpg\",\"articleSection\":[\"Communaut\u00e9\"],\"inLanguage\":\"fr-FR\"},{\"@type\":\"WebPage\",\"@id\":\"https:\\\/\\\/www.display-magazin.ch\\\/fr\\\/neil-patrick-harris-jai-du-faire-mon-coming-out\\\/\",\"url\":\"https:\\\/\\\/www.display-magazin.ch\\\/fr\\\/neil-patrick-harris-jai-du-faire-mon-coming-out\\\/\",\"name\":\"Neil Patrick Harris: J\u2019ai d\u00fb faire mon coming out avant que d\u2019autres ne le fassent | DISPLAY Magazin\",\"isPartOf\":{\"@id\":\"https:\\\/\\\/www.display-magazin.ch\\\/fr\\\/#website\"},\"primaryImageOfPage\":{\"@id\":\"https:\\\/\\\/www.display-magazin.ch\\\/fr\\\/neil-patrick-harris-jai-du-faire-mon-coming-out\\\/#primaryimage\"},\"image\":{\"@id\":\"https:\\\/\\\/www.display-magazin.ch\\\/fr\\\/neil-patrick-harris-jai-du-faire-mon-coming-out\\\/#primaryimage\"},\"thumbnailUrl\":\"https:\\\/\\\/www.display-magazin.ch\\\/wp-content\\\/uploads\\\/2026\\\/08\\\/DISPLAY_neil-patrick-harris-ich-musste_01-scaled.jpg\",\"datePublished\":\"2026-08-18T11:21:06+00:00\",\"description\":\"Neil Patrick Harris a parl\u00e9 publiquement de son homosexualit\u00e9 pour la premi\u00e8re fois en 2006. Pr\u00e8s de vingt ans plus tard, l\u2019acteur raconte que ce pas \u00e9tait moins volontaire que beaucoup ne l\u2019ont cru: des rumeurs en ligne mena\u00e7aient de le devancer.\",\"breadcrumb\":{\"@id\":\"https:\\\/\\\/www.display-magazin.ch\\\/fr\\\/neil-patrick-harris-jai-du-faire-mon-coming-out\\\/#breadcrumb\"},\"inLanguage\":\"fr-FR\",\"potentialAction\":[{\"@type\":\"ReadAction\",\"target\":[\"https:\\\/\\\/www.display-magazin.ch\\\/fr\\\/neil-patrick-harris-jai-du-faire-mon-coming-out\\\/\"]}]},{\"@type\":\"ImageObject\",\"inLanguage\":\"fr-FR\",\"@id\":\"https:\\\/\\\/www.display-magazin.ch\\\/fr\\\/neil-patrick-harris-jai-du-faire-mon-coming-out\\\/#primaryimage\",\"url\":\"https:\\\/\\\/www.display-magazin.ch\\\/wp-content\\\/uploads\\\/2026\\\/08\\\/DISPLAY_neil-patrick-harris-ich-musste_01-scaled.jpg\",\"contentUrl\":\"https:\\\/\\\/www.display-magazin.ch\\\/wp-content\\\/uploads\\\/2026\\\/08\\\/DISPLAY_neil-patrick-harris-ich-musste_01-scaled.jpg\",\"width\":1920,\"height\":2560,\"caption\":\"(Bild: By Harald Krichel - Wikimedia)\"},{\"@type\":\"BreadcrumbList\",\"@id\":\"https:\\\/\\\/www.display-magazin.ch\\\/fr\\\/neil-patrick-harris-jai-du-faire-mon-coming-out\\\/#breadcrumb\",\"itemListElement\":[{\"@type\":\"ListItem\",\"position\":1,\"name\":\"Startseite\",\"item\":\"https:\\\/\\\/www.display-magazin.ch\\\/fr\\\/home\\\/\"},{\"@type\":\"ListItem\",\"position\":2,\"name\":\"Neil Patrick Harris: J\u2019ai d\u00fb faire mon coming out avant que d\u2019autres ne le fassent\"}]},{\"@type\":\"WebSite\",\"@id\":\"https:\\\/\\\/www.display-magazin.ch\\\/fr\\\/#website\",\"url\":\"https:\\\/\\\/www.display-magazin.ch\\\/fr\\\/\",\"name\":\"DISPLAY Magazin\",\"description\":\"Das Schweizer Lifestyle-Magazin f\u00fcr Gay and Friends\",\"publisher\":{\"@id\":\"https:\\\/\\\/www.display-magazin.ch\\\/fr\\\/#organization\"},\"potentialAction\":[{\"@type\":\"SearchAction\",\"target\":{\"@type\":\"EntryPoint\",\"urlTemplate\":\"https:\\\/\\\/www.display-magazin.ch\\\/fr\\\/?s={search_term_string}\"},\"query-input\":{\"@type\":\"PropertyValueSpecification\",\"valueRequired\":true,\"valueName\":\"search_term_string\"}}],\"inLanguage\":\"fr-FR\"},{\"@type\":\"Organization\",\"@id\":\"https:\\\/\\\/www.display-magazin.ch\\\/fr\\\/#organization\",\"name\":\"DISPLAY Magazin\",\"url\":\"https:\\\/\\\/www.display-magazin.ch\\\/fr\\\/\",\"logo\":{\"@type\":\"ImageObject\",\"inLanguage\":\"fr-FR\",\"@id\":\"https:\\\/\\\/www.display-magazin.ch\\\/fr\\\/#\\\/schema\\\/logo\\\/image\\\/\",\"url\":\"https:\\\/\\\/www.display-magazin.ch\\\/wp-content\\\/uploads\\\/2026\\\/03\\\/display_web-logo.png\",\"contentUrl\":\"https:\\\/\\\/www.display-magazin.ch\\\/wp-content\\\/uploads\\\/2026\\\/03\\\/display_web-logo.png\",\"width\":411,\"height\":546,\"caption\":\"DISPLAY Magazin\"},\"image\":{\"@id\":\"https:\\\/\\\/www.display-magazin.ch\\\/fr\\\/#\\\/schema\\\/logo\\\/image\\\/\"},\"sameAs\":[\"https:\\\/\\\/www.facebook.com\\\/displaymagazin\",\"https:\\\/\\\/www.instagram.com\\\/display.magazin\\\/\"]},{\"@type\":\"Person\",\"@id\":\"https:\\\/\\\/www.display-magazin.ch\\\/fr\\\/#\\\/schema\\\/person\\\/18cc762bfa5e54ae647c27b78b1fca4a\",\"name\":\"DISPLAY Online\",\"image\":{\"@type\":\"ImageObject\",\"inLanguage\":\"fr-FR\",\"@id\":\"https:\\\/\\\/www.display-magazin.ch\\\/wp-content\\\/uploads\\\/2026\\\/03\\\/logo_ohneSchrift-e1774598483338-100x100.png\",\"url\":\"https:\\\/\\\/www.display-magazin.ch\\\/wp-content\\\/uploads\\\/2026\\\/03\\\/logo_ohneSchrift-e1774598483338-100x100.png\",\"contentUrl\":\"https:\\\/\\\/www.display-magazin.ch\\\/wp-content\\\/uploads\\\/2026\\\/03\\\/logo_ohneSchrift-e1774598483338-100x100.png\",\"caption\":\"DISPLAY Online\"},\"description\":\"Redaktion\"}]}<\/script>\n<!-- \/ Yoast SEO plugin. -->","yoast_head_json":{"title":"Neil Patrick Harris: J\u2019ai d\u00fb faire mon coming out avant que d\u2019autres ne le fassent | DISPLAY Magazin","description":"Neil Patrick Harris a parl\u00e9 publiquement de son homosexualit\u00e9 pour la premi\u00e8re fois en 2006. Pr\u00e8s de vingt ans plus tard, l\u2019acteur raconte que ce pas \u00e9tait moins volontaire que beaucoup ne l\u2019ont cru: des rumeurs en ligne mena\u00e7aient de le devancer.","robots":{"index":"index","follow":"follow","max-snippet":"max-snippet:-1","max-image-preview":"max-image-preview:large","max-video-preview":"max-video-preview:-1"},"canonical":"https:\/\/www.display-magazin.ch\/fr\/neil-patrick-harris-jai-du-faire-mon-coming-out\/","og_locale":"fr_FR","og_type":"article","og_title":"Neil Patrick Harris: J\u2019ai d\u00fb faire mon coming out avant que d\u2019autres ne le fassent | DISPLAY Magazin","og_description":"Neil Patrick Harris a parl\u00e9 publiquement de son homosexualit\u00e9 pour la premi\u00e8re fois en 2006. Pr\u00e8s de vingt ans plus tard, l\u2019acteur raconte que ce pas \u00e9tait moins volontaire que beaucoup ne l\u2019ont cru: des rumeurs en ligne mena\u00e7aient de le devancer.","og_url":"https:\/\/www.display-magazin.ch\/fr\/neil-patrick-harris-jai-du-faire-mon-coming-out\/","og_site_name":"DISPLAY Magazin","article_publisher":"https:\/\/www.facebook.com\/displaymagazin","article_published_time":"2026-08-18T11:21:06+00:00","og_image":[{"url":"https:\/\/www.display-magazin.ch\/wp-content\/uploads\/2026\/08\/DISPLAY_neil-patrick-harris-ich-musste_02-scaled.jpg","type":"","width":"","height":""}],"author":"DISPLAY Online","twitter_card":"summary_large_image","twitter_misc":{"\u00c9crit par":"DISPLAY en ligne","Dur\u00e9e de lecture estim\u00e9e":"3 minutes"},"schema":{"@context":"https:\/\/schema.org","@graph":[{"@type":"Article","@id":"https:\/\/www.display-magazin.ch\/fr\/neil-patrick-harris-jai-du-faire-mon-coming-out\/#article","isPartOf":{"@id":"https:\/\/www.display-magazin.ch\/fr\/neil-patrick-harris-jai-du-faire-mon-coming-out\/"},"author":{"name":"DISPLAY Online","@id":"https:\/\/www.display-magazin.ch\/fr\/#\/schema\/person\/18cc762bfa5e54ae647c27b78b1fca4a"},"headline":"Neil Patrick Harris: J\u2019ai d\u00fb faire mon coming out avant que d\u2019autres ne le fassent","datePublished":"2026-08-18T11:21:06+00:00","mainEntityOfPage":{"@id":"https:\/\/www.display-magazin.ch\/fr\/neil-patrick-harris-jai-du-faire-mon-coming-out\/"},"wordCount":526,"publisher":{"@id":"https:\/\/www.display-magazin.ch\/fr\/#organization"},"image":{"@id":"https:\/\/www.display-magazin.ch\/fr\/neil-patrick-harris-jai-du-faire-mon-coming-out\/#primaryimage"},"thumbnailUrl":"https:\/\/www.display-magazin.ch\/wp-content\/uploads\/2026\/08\/DISPLAY_neil-patrick-harris-ich-musste_01-scaled.jpg","articleSection":["Communaut\u00e9"],"inLanguage":"fr-FR"},{"@type":"WebPage","@id":"https:\/\/www.display-magazin.ch\/fr\/neil-patrick-harris-jai-du-faire-mon-coming-out\/","url":"https:\/\/www.display-magazin.ch\/fr\/neil-patrick-harris-jai-du-faire-mon-coming-out\/","name":"Neil Patrick Harris: J\u2019ai d\u00fb faire mon coming out avant que d\u2019autres ne le fassent | DISPLAY Magazin","isPartOf":{"@id":"https:\/\/www.display-magazin.ch\/fr\/#website"},"primaryImageOfPage":{"@id":"https:\/\/www.display-magazin.ch\/fr\/neil-patrick-harris-jai-du-faire-mon-coming-out\/#primaryimage"},"image":{"@id":"https:\/\/www.display-magazin.ch\/fr\/neil-patrick-harris-jai-du-faire-mon-coming-out\/#primaryimage"},"thumbnailUrl":"https:\/\/www.display-magazin.ch\/wp-content\/uploads\/2026\/08\/DISPLAY_neil-patrick-harris-ich-musste_01-scaled.jpg","datePublished":"2026-08-18T11:21:06+00:00","description":"Neil Patrick Harris a parl\u00e9 publiquement de son homosexualit\u00e9 pour la premi\u00e8re fois en 2006. Pr\u00e8s de vingt ans plus tard, l\u2019acteur raconte que ce pas \u00e9tait moins volontaire que beaucoup ne l\u2019ont cru: des rumeurs en ligne mena\u00e7aient de le devancer.","breadcrumb":{"@id":"https:\/\/www.display-magazin.ch\/fr\/neil-patrick-harris-jai-du-faire-mon-coming-out\/#breadcrumb"},"inLanguage":"fr-FR","potentialAction":[{"@type":"ReadAction","target":["https:\/\/www.display-magazin.ch\/fr\/neil-patrick-harris-jai-du-faire-mon-coming-out\/"]}]},{"@type":"ImageObject","inLanguage":"fr-FR","@id":"https:\/\/www.display-magazin.ch\/fr\/neil-patrick-harris-jai-du-faire-mon-coming-out\/#primaryimage","url":"https:\/\/www.display-magazin.ch\/wp-content\/uploads\/2026\/08\/DISPLAY_neil-patrick-harris-ich-musste_01-scaled.jpg","contentUrl":"https:\/\/www.display-magazin.ch\/wp-content\/uploads\/2026\/08\/DISPLAY_neil-patrick-harris-ich-musste_01-scaled.jpg","width":1920,"height":2560,"caption":"(Bild: By Harald Krichel - Wikimedia)"},{"@type":"BreadcrumbList","@id":"https:\/\/www.display-magazin.ch\/fr\/neil-patrick-harris-jai-du-faire-mon-coming-out\/#breadcrumb","itemListElement":[{"@type":"ListItem","position":1,"name":"Startseite","item":"https:\/\/www.display-magazin.ch\/fr\/home\/"},{"@type":"ListItem","position":2,"name":"Neil Patrick Harris: J\u2019ai d\u00fb faire mon coming out avant que d\u2019autres ne le fassent"}]},{"@type":"WebSite","@id":"https:\/\/www.display-magazin.ch\/fr\/#website","url":"https:\/\/www.display-magazin.ch\/fr\/","name":"DISPLAY Magazin","description":"Das Schweizer Lifestyle-Magazin f\u00fcr Gay and Friends","publisher":{"@id":"https:\/\/www.display-magazin.ch\/fr\/#organization"},"potentialAction":[{"@type":"SearchAction","target":{"@type":"EntryPoint","urlTemplate":"https:\/\/www.display-magazin.ch\/fr\/?s={search_term_string}"},"query-input":{"@type":"PropertyValueSpecification","valueRequired":true,"valueName":"search_term_string"}}],"inLanguage":"fr-FR"},{"@type":"Organization","@id":"https:\/\/www.display-magazin.ch\/fr\/#organization","name":"DISPLAY Magazin","url":"https:\/\/www.display-magazin.ch\/fr\/","logo":{"@type":"ImageObject","inLanguage":"fr-FR","@id":"https:\/\/www.display-magazin.ch\/fr\/#\/schema\/logo\/image\/","url":"https:\/\/www.display-magazin.ch\/wp-content\/uploads\/2026\/03\/display_web-logo.png","contentUrl":"https:\/\/www.display-magazin.ch\/wp-content\/uploads\/2026\/03\/display_web-logo.png","width":411,"height":546,"caption":"DISPLAY Magazin"},"image":{"@id":"https:\/\/www.display-magazin.ch\/fr\/#\/schema\/logo\/image\/"},"sameAs":["https:\/\/www.facebook.com\/displaymagazin","https:\/\/www.instagram.com\/display.magazin\/"]},{"@type":"Person","@id":"https:\/\/www.display-magazin.ch\/fr\/#\/schema\/person\/18cc762bfa5e54ae647c27b78b1fca4a","name":"DISPLAY Online","image":{"@type":"ImageObject","inLanguage":"fr-FR","@id":"https:\/\/www.display-magazin.ch\/wp-content\/uploads\/2026\/03\/logo_ohneSchrift-e1774598483338-100x100.png","url":"https:\/\/www.display-magazin.ch\/wp-content\/uploads\/2026\/03\/logo_ohneSchrift-e1774598483338-100x100.png","contentUrl":"https:\/\/www.display-magazin.ch\/wp-content\/uploads\/2026\/03\/logo_ohneSchrift-e1774598483338-100x100.png","caption":"DISPLAY Online"},"description":"Redaktion"}]}},"publishpress_future_action":{"enabled":false,"date":"2026-09-08 09:40:45","action":"change-status","newStatus":"draft","terms":[],"taxonomy":"category","extraData":[]},"publishpress_future_workflow_manual_trigger":{"enabledWorkflows":[]},"_links":{"self":[{"href":"https:\/\/www.display-magazin.ch\/fr\/wp-json\/wp\/v2\/posts\/23372","targetHints":{"allow":["GET"]}}],"collection":[{"href":"https:\/\/www.display-magazin.ch\/fr\/wp-json\/wp\/v2\/posts"}],"about":[{"href":"https:\/\/www.display-magazin.ch\/fr\/wp-json\/wp\/v2\/types\/post"}],"author":[{"embeddable":true,"href":"https:\/\/www.display-magazin.ch\/fr\/wp-json\/wp\/v2\/users\/45"}],"replies":[{"embeddable":true,"href":"https:\/\/www.display-magazin.ch\/fr\/wp-json\/wp\/v2\/comments?post=23372"}],"version-history":[{"count":0,"href":"https:\/\/www.display-magazin.ch\/fr\/wp-json\/wp\/v2\/posts\/23372\/revisions"}],"wp:featuredmedia":[{"embeddable":true,"href":"https:\/\/www.display-magazin.ch\/fr\/wp-json\/wp\/v2\/media\/23138"}],"wp:attachment":[{"href":"https:\/\/www.display-magazin.ch\/fr\/wp-json\/wp\/v2\/media?parent=23372"}],"wp:term":[{"taxonomy":"category","embeddable":true,"href":"https:\/\/www.display-magazin.ch\/fr\/wp-json\/wp\/v2\/categories?post=23372"},{"taxonomy":"post_tag","embeddable":true,"href":"https:\/\/www.display-magazin.ch\/fr\/wp-json\/wp\/v2\/tags?post=23372"}],"curies":[{"name":"wp","href":"https:\/\/api.w.org\/{rel}","templated":true}]}}