{"id":22073,"date":"2026-08-24T13:34:55","date_gmt":"2026-08-24T11:34:55","guid":{"rendered":"https:\/\/www.display-magazin.ch\/?p=22073"},"modified":"2026-08-24T13:34:55","modified_gmt":"2026-08-24T11:34:55","slug":"valerie-reding-drag-performance-art","status":"publish","type":"post","link":"https:\/\/www.display-magazin.ch\/fr\/valerie-reding-drag-performance-art\/","title":{"rendered":"Drag, genderqueer et pansexuel\u00b7le \u2013 Valerie Reding"},"content":{"rendered":"\t\t<div data-elementor-type=\"wp-post\" data-elementor-id=\"22073\" class=\"elementor elementor-22073 elementor-21204\" data-elementor-post-type=\"post\">\n\t\t\t\t<div class=\"elementor-element elementor-element-655a2d05 e-flex e-con-boxed e-con e-parent\" data-id=\"655a2d05\" data-element_type=\"container\" data-e-type=\"container\">\n\t\t\t\t\t<div class=\"e-con-inner\">\n\t\t<div class=\"elementor-element elementor-element-72321c66 e-con-full e-flex e-con e-child\" data-id=\"72321c66\" data-element_type=\"container\" data-e-type=\"container\">\n\t\t<div class=\"elementor-element elementor-element-679330f8 e-con-full e-flex e-con e-child\" data-id=\"679330f8\" data-element_type=\"container\" data-e-type=\"container\">\n\t\t\t\t<div class=\"elementor-element elementor-element-1cf9ac74 elementor-widget__width-inherit elementor-widget elementor-widget-text-editor\" data-id=\"1cf9ac74\" data-element_type=\"widget\" data-e-type=\"widget\" data-widget_type=\"text-editor.default\">\n\t\t\t\t\t\t\t\t\tDes univers visuels puissants, de fantastiques transformations par le maquillage et le corps, des performances qui captivent le public: les travaux de Valerie Reding \u00e9voluent entre drag, danse, performance et arts visuels. DISPLAY a rencontr\u00e9 l&rsquo;artiste transdisciplinaire lors d&rsquo;un s\u00e9jour \u00e0 Buenos Aires.\t\t\t\t\t\t\t\t<\/div>\n\t\t\t\t<\/div>\n\t\t\t\t<div class=\"elementor-element elementor-element-30d6ab33 elementor-widget elementor-widget-text-editor\" data-id=\"30d6ab33\" data-element_type=\"widget\" data-e-type=\"widget\" data-widget_type=\"text-editor.default\">\n\t\t\t\t\t\t\t\t\t<p>Es klingt nach einer \u00fcberstrapazierten Metapher, doch in diesem Fall trifft sie zu: Valerie Reding passt in keine Schublade. \u00abEs passiert oft, dass meine Arbeit nicht eindeutig zugeordnet werden kann\u00bb, erz\u00e4hlt Reding. \u00abWenn ich mich f\u00fcr F\u00f6rderprogramme bewerbe, sagen die einen, ich mache Tanz, andere sehen eher Performancekunst.\u00bb<\/p><blockquote><h3>\u00abBin\u00e4re Geschlechterkategorien haben f\u00fcr mich nie Sinn gemacht.\u00bb<\/h3><\/blockquote>\t\t\t\t\t\t\t\t<\/div>\n\t\t\t\t<div class=\"elementor-element elementor-element-72c621d4 elementor-widget elementor-widget-heading\" data-id=\"72c621d4\" data-element_type=\"widget\" data-e-type=\"widget\" data-widget_type=\"heading.default\">\n\t\t\t\t\t<h2 class=\"elementor-heading-title elementor-size-default js-headline-split\"><span class=\"headline-source\">Utopien gegen die Unsicherheit<\/span><\/h2>\t\t\t\t<\/div>\n\t\t\t\t<div class=\"elementor-element elementor-element-13b5123f elementor-widget elementor-widget-text-editor\" data-id=\"13b5123f\" data-element_type=\"widget\" data-e-type=\"widget\" data-widget_type=\"text-editor.default\">\n\t\t\t\t\t\t\t\t\t<p>Seit Jahren bewegt sich Valerie Reding zwischen verschiedenen Disziplinen und l\u00e4sst deren Grenzen bewusst verschwimmen. K\u00fcrzlich war Reding in Buenos Aires zu Gast, wo im Rahmen einer K\u00fcnstler*innenresidenz im Kulturzentrum Nos en Vera eine Adaption des St\u00fccks \u00abWet Dreams\u00bb gezeigt wurde, das urspr\u00fcnglich im Tanzhaus Z\u00fcrich uraufgef\u00fchrt wurde. Die Atmosph\u00e4re der Performance ist d\u00fcster und schw\u00fclfeucht \u2013 ganz im Sinne ihres Titels. Begleitet wird sie von den Noise-Interventionen des K\u00fcnstlers Genosidra. Zwischen den dunklen Bildern \u00f6ffnen sich jedoch immer wieder R\u00e4ume f\u00fcr queere und alternative Zukunftsentw\u00fcrfe. Utopien erscheinen m\u00f6glich \u2013 selbst in einem gesellschaftlichen Klima, das vielerorts zunehmend von Unsicherheit und autorit\u00e4ren Tendenzen gepr\u00e4gt ist.<\/p>\t\t\t\t\t\t\t\t<\/div>\n\t\t\t\t<div class=\"elementor-element elementor-element-ec26229 elementor-widget elementor-widget-heading\" data-id=\"ec26229\" data-element_type=\"widget\" data-e-type=\"widget\" data-widget_type=\"heading.default\">\n\t\t\t\t\t<h2 class=\"elementor-heading-title elementor-size-default js-headline-split\"><span class=\"headline-source\">Autokraten hassen Kultur<\/span><\/h2>\t\t\t\t<\/div>\n\t\t\t\t<div class=\"elementor-element elementor-element-6e8e9d5 elementor-widget elementor-widget-text-editor\" data-id=\"6e8e9d5\" data-element_type=\"widget\" data-e-type=\"widget\" data-widget_type=\"text-editor.default\">\n\t\t\t\t\t\t\t\t\t<p class=\"font-claude-response-body break-words whitespace-normal\">Auch in Argentinien ist dieser Wandel sp\u00fcrbar. Die Kulturpolitik der Regierung von Pr\u00e4sident Javier Milei hat zahlreiche Institutionen und Kulturschaffende unter Druck gesetzt. F\u00f6rdergelder werden gek\u00fcrzt, kritische und queere Projekte verlieren an Sichtbarkeit. F\u00fcr Valerie Reding ist das kein Zufall: \u00abAutorit\u00e4re Regierungen greifen oft zuerst die Kultur an. Kunst ist einer der Orte, an denen bestehende Machtverh\u00e4ltnisse hinterfragt und kritisiert werden k\u00f6nnen.\u00bb F\u00fcr autorit\u00e4re Machthaber stelle das eine Gefahr dar.<\/p><p class=\"font-claude-response-body break-words whitespace-normal\">Geboren und aufgewachsen in Luxemburg, lebt Valerie Reding seit 17 Jahren in der Schweiz. Bereits im Alter von vier Jahren begann Valerie mit klassischem Ballett. W\u00e4hrend der Jugend wurden die k\u00f6rperlichen Grenzen des klassischen Tanzes zunehmend sp\u00fcrbar, und die Suche nach neuen Ausdrucksformen begann. Als erste Person in der Familie schlug Valerie Reding einen k\u00fcnstlerischen Weg ein und musste sich den Zugang zur Kunstwelt weitgehend selbst erschliessen.<\/p><p class=\"font-claude-response-body break-words whitespace-normal\">Ein Architekturstudium an der ETH Z\u00fcrich f\u00fchrte Valerie Reding in die Schweiz. \u00abIch dachte damals, Architektur sei die ideale Verbindung von Kunst und Wissenschaft\u00bb, erinnert sich Reding. \u00abDoch irgendwann merkte ich, dass mein Herz anders schl\u00e4gt.\u00bb Es folgten Studien in Medienkunst an der Z\u00fcrcher Hochschule der K\u00fcnste sowie an der Universit\u00e4t f\u00fcr angewandte Kunst Wien. Parallel dazu arbeitete Valerie Reding international als Make-Up-Artistin und entdeckte w\u00e4hrend eines Aufenthalts in San Francisco die Kunst des Drag.<\/p>\t\t\t\t\t\t\t\t<\/div>\n\t\t\t\t<div class=\"elementor-element elementor-element-ac02d1b elementor-widget elementor-widget-text-editor\" data-id=\"ac02d1b\" data-element_type=\"widget\" data-e-type=\"widget\" data-widget_type=\"text-editor.default\">\n\t\t\t\t\t\t\t\t\t<p><strong>Szenen aus dem St\u00fcck \u00abWet Dreams\u00bb, das im Tanzhaus Z\u00fcrich uraufgef\u00fchrt wurde:<\/strong><\/p>\t\t\t\t\t\t\t\t<\/div>\n\t\t\t\t<div class=\"elementor-element elementor-element-6e72b0f elementor-widget elementor-widget-gallery\" data-id=\"6e72b0f\" data-element_type=\"widget\" data-e-type=\"widget\" data-settings=\"{&quot;gallery_layout&quot;:&quot;masonry&quot;,&quot;columns&quot;:2,&quot;lazyload&quot;:&quot;yes&quot;,&quot;columns_tablet&quot;:2,&quot;columns_mobile&quot;:1,&quot;gap&quot;:{&quot;unit&quot;:&quot;px&quot;,&quot;size&quot;:10,&quot;sizes&quot;:[]},&quot;gap_tablet&quot;:{&quot;unit&quot;:&quot;px&quot;,&quot;size&quot;:10,&quot;sizes&quot;:[]},&quot;gap_mobile&quot;:{&quot;unit&quot;:&quot;px&quot;,&quot;size&quot;:10,&quot;sizes&quot;:[]},&quot;link_to&quot;:&quot;file&quot;,&quot;overlay_background&quot;:&quot;yes&quot;,&quot;content_hover_animation&quot;:&quot;fade-in&quot;}\" data-widget_type=\"gallery.default\">\n\t\t\t\t\t\t\t<div class=\"elementor-gallery__container\">\n\t\t\t\t\t\t\t<a class=\"e-gallery-item elementor-gallery-item elementor-animated-content\" href=\"https:\/\/www.display-magazin.ch\/wp-content\/uploads\/2026\/07\/AronSmith_04_wetdreams-scaled.jpg\" data-elementor-open-lightbox=\"yes\" data-elementor-lightbox-slideshow=\"6e72b0f\" data-elementor-lightbox-title=\"Foto Aron Smith\" data-e-action-hash=\"#elementor-action%3Aaction%3Dlightbox%26settings%3DeyJpZCI6MjMwNjEsInVybCI6Imh0dHBzOlwvXC93d3cuZGlzcGxheS1tYWdhemluLmNoXC93cC1jb250ZW50XC91cGxvYWRzXC8yMDI2XC8wN1wvQXJvblNtaXRoXzA0X3dldGRyZWFtcy1zY2FsZWQuanBnIiwic2xpZGVzaG93IjoiNmU3MmIwZiJ9\">\n\t\t\t\t\t<div class=\"e-gallery-image elementor-gallery-item__image\" data-thumbnail=\"https:\/\/www.display-magazin.ch\/wp-content\/uploads\/2026\/07\/AronSmith_04_wetdreams-scaled.jpg\" data-width=\"2560\" data-height=\"1707\" aria-label=\"\" role=\"img\" ><\/div>\n\t\t\t\t\t\t\t\t\t\t\t<div class=\"elementor-gallery-item__overlay\"><\/div>\n\t\t\t\t\t\t\t\t\t\t\t\t\t\t<\/a>\n\t\t\t\t\t\t\t<a class=\"e-gallery-item elementor-gallery-item elementor-animated-content\" href=\"https:\/\/www.display-magazin.ch\/wp-content\/uploads\/2026\/07\/AronSmith_03_wetdreams-scaled.jpg\" data-elementor-open-lightbox=\"yes\" data-elementor-lightbox-slideshow=\"6e72b0f\" data-elementor-lightbox-title=\"Foto Aron Smith\" data-e-action-hash=\"#elementor-action%3Aaction%3Dlightbox%26settings%3DeyJpZCI6MjMwNjMsInVybCI6Imh0dHBzOlwvXC93d3cuZGlzcGxheS1tYWdhemluLmNoXC93cC1jb250ZW50XC91cGxvYWRzXC8yMDI2XC8wN1wvQXJvblNtaXRoXzAzX3dldGRyZWFtcy1zY2FsZWQuanBnIiwic2xpZGVzaG93IjoiNmU3MmIwZiJ9\">\n\t\t\t\t\t<div class=\"e-gallery-image elementor-gallery-item__image\" data-thumbnail=\"https:\/\/www.display-magazin.ch\/wp-content\/uploads\/2026\/07\/AronSmith_03_wetdreams-scaled.jpg\" data-width=\"2560\" data-height=\"1707\" aria-label=\"\" role=\"img\" ><\/div>\n\t\t\t\t\t\t\t\t\t\t\t<div class=\"elementor-gallery-item__overlay\"><\/div>\n\t\t\t\t\t\t\t\t\t\t\t\t\t\t<\/a>\n\t\t\t\t\t\t\t<a class=\"e-gallery-item elementor-gallery-item elementor-animated-content\" href=\"https:\/\/www.display-magazin.ch\/wp-content\/uploads\/2026\/07\/JulieFolly_04_wetdreams-scaled.jpg\" data-elementor-open-lightbox=\"yes\" data-elementor-lightbox-slideshow=\"6e72b0f\" data-elementor-lightbox-title=\"Foto Julie Folly\" data-e-action-hash=\"#elementor-action%3Aaction%3Dlightbox%26settings%3DeyJpZCI6MjMwNjAsInVybCI6Imh0dHBzOlwvXC93d3cuZGlzcGxheS1tYWdhemluLmNoXC93cC1jb250ZW50XC91cGxvYWRzXC8yMDI2XC8wN1wvSnVsaWVGb2xseV8wNF93ZXRkcmVhbXMtc2NhbGVkLmpwZyIsInNsaWRlc2hvdyI6IjZlNzJiMGYifQ%3D%3D\">\n\t\t\t\t\t<div class=\"e-gallery-image elementor-gallery-item__image\" data-thumbnail=\"https:\/\/www.display-magazin.ch\/wp-content\/uploads\/2026\/07\/JulieFolly_04_wetdreams-scaled.jpg\" data-width=\"1707\" data-height=\"2560\" aria-label=\"\" role=\"img\" ><\/div>\n\t\t\t\t\t\t\t\t\t\t\t<div class=\"elementor-gallery-item__overlay\"><\/div>\n\t\t\t\t\t\t\t\t\t\t\t\t\t\t<\/a>\n\t\t\t\t\t\t\t<a class=\"e-gallery-item elementor-gallery-item elementor-animated-content\" href=\"https:\/\/www.display-magazin.ch\/wp-content\/uploads\/2026\/07\/AronSmith_01_wetdreams-scaled.jpg\" data-elementor-open-lightbox=\"yes\" data-elementor-lightbox-slideshow=\"6e72b0f\" data-elementor-lightbox-title=\"Foto Aron Smith\" data-e-action-hash=\"#elementor-action%3Aaction%3Dlightbox%26settings%3DeyJpZCI6MjMwNjIsInVybCI6Imh0dHBzOlwvXC93d3cuZGlzcGxheS1tYWdhemluLmNoXC93cC1jb250ZW50XC91cGxvYWRzXC8yMDI2XC8wN1wvQXJvblNtaXRoXzAxX3dldGRyZWFtcy1zY2FsZWQuanBnIiwic2xpZGVzaG93IjoiNmU3MmIwZiJ9\">\n\t\t\t\t\t<div class=\"e-gallery-image elementor-gallery-item__image\" data-thumbnail=\"https:\/\/www.display-magazin.ch\/wp-content\/uploads\/2026\/07\/AronSmith_01_wetdreams-scaled.jpg\" data-width=\"2560\" data-height=\"1707\" aria-label=\"\" role=\"img\" ><\/div>\n\t\t\t\t\t\t\t\t\t\t\t<div class=\"elementor-gallery-item__overlay\"><\/div>\n\t\t\t\t\t\t\t\t\t\t\t\t\t\t<\/a>\n\t\t\t\t\t<\/div>\n\t\t\t\t\t<\/div>\n\t\t\t\t<div class=\"elementor-element elementor-element-eaacf6f elementor-widget elementor-widget-heading\" data-id=\"eaacf6f\" data-element_type=\"widget\" data-e-type=\"widget\" data-widget_type=\"heading.default\">\n\t\t\t\t\t<h2 class=\"elementor-heading-title elementor-size-default js-headline-split\"><span class=\"headline-source\">Drag-K\u00fcnstler*in<\/span><\/h2>\t\t\t\t<\/div>\n\t\t\t\t<div class=\"elementor-element elementor-element-668aa64 elementor-widget elementor-widget-text-editor\" data-id=\"668aa64\" data-element_type=\"widget\" data-e-type=\"widget\" data-widget_type=\"text-editor.default\">\n\t\t\t\t\t\t\t\t\t<p class=\"font-claude-response-body break-words whitespace-normal\">Bis heute pr\u00e4gt diese Vielseitigkeit die k\u00fcnstlerische Praxis. Valerie Reding bezeichnet sich auch im Kunstkontext selbstverst\u00e4ndlich als Drag-K\u00fcnstler*in. \u00abNat\u00fcrlich darf Drag auch unterhalten. Ich sehe darin nichts Negatives. Im Gegenteil: Drag erreicht oft Menschen, die sonst kaum Ber\u00fchrung mit Kunst haben. Warum sollte ein Nightlife-Event, an dem ich meine Botschaften auf zug\u00e4ngliche Weise vermittle, weniger wert sein als eine Ausstellung vor immer denselben Personen aus dem etablierten Kunstbetrieb?\u00bb<\/p><blockquote><h3>\u00abNat\u00fcrlich darf Drag unterhalten. Ich sehe darin nichts Negatives. Im Gegenteil: Drag erreicht oft Menschen, die sonst kaum Ber\u00fchrung mit Kunst haben.\u00bb<\/h3><\/blockquote><p class=\"font-claude-response-body break-words whitespace-normal\">Valerie Reding bezeichnet sich als genderqueer und pansexuell. Starre Kategorien haben f\u00fcr Reding nie eine zentrale Rolle gespielt. \u00abBin\u00e4re Geschlechterkategorien haben f\u00fcr mich nie Sinn gemacht. Erst sp\u00e4ter habe ich die Begriffe kennengelernt, die es mir erm\u00f6glichten, dar\u00fcber zu sprechen und meine Identit\u00e4t zu benennen.\u00bb<\/p><p class=\"font-claude-response-body break-words whitespace-normal\">Vielleicht erkl\u00e4rt genau das, weshalb sich Valerie Reding jeder eindeutigen Zuordnung entzieht: Die Arbeit entsteht dort, wo Kategorien enden und neue M\u00f6glichkeiten beginnen.<\/p><blockquote><h3>\u00abEs passiert oft, dass meine Arbeit nicht eindeutig zugeordnet werden kann.\u00bb<\/h3><\/blockquote>\t\t\t\t\t\t\t\t<\/div>\n\t\t\t\t<div class=\"elementor-element elementor-element-eb84c33 elementor-widget elementor-widget-text-editor\" data-id=\"eb84c33\" data-element_type=\"widget\" data-e-type=\"widget\" data-widget_type=\"text-editor.default\">\n\t\t\t\t\t\t\t\t\t<p><strong>Bilder aus der Auff\u00fchrung \u00abMonsters\u00bb:<\/strong><\/p>\t\t\t\t\t\t\t\t<\/div>\n\t\t\t\t<div class=\"elementor-element elementor-element-97bb781 elementor-widget elementor-widget-gallery\" data-id=\"97bb781\" data-element_type=\"widget\" data-e-type=\"widget\" data-settings=\"{&quot;gallery_layout&quot;:&quot;masonry&quot;,&quot;columns&quot;:2,&quot;lazyload&quot;:&quot;yes&quot;,&quot;columns_tablet&quot;:2,&quot;columns_mobile&quot;:1,&quot;gap&quot;:{&quot;unit&quot;:&quot;px&quot;,&quot;size&quot;:10,&quot;sizes&quot;:[]},&quot;gap_tablet&quot;:{&quot;unit&quot;:&quot;px&quot;,&quot;size&quot;:10,&quot;sizes&quot;:[]},&quot;gap_mobile&quot;:{&quot;unit&quot;:&quot;px&quot;,&quot;size&quot;:10,&quot;sizes&quot;:[]},&quot;link_to&quot;:&quot;file&quot;,&quot;overlay_background&quot;:&quot;yes&quot;,&quot;content_hover_animation&quot;:&quot;fade-in&quot;}\" data-widget_type=\"gallery.default\">\n\t\t\t\t\t\t\t<div class=\"elementor-gallery__container\">\n\t\t\t\t\t\t\t<a class=\"e-gallery-item elementor-gallery-item elementor-animated-content\" href=\"https:\/\/www.display-magazin.ch\/wp-content\/uploads\/2026\/07\/ValerieReding_05_monsters-scaled.jpg\" data-elementor-open-lightbox=\"yes\" data-elementor-lightbox-slideshow=\"97bb781\" data-elementor-lightbox-title=\"Foto Valerie Reding @cardosowil_\" data-e-action-hash=\"#elementor-action%3Aaction%3Dlightbox%26settings%3DeyJpZCI6MjMwNjQsInVybCI6Imh0dHBzOlwvXC93d3cuZGlzcGxheS1tYWdhemluLmNoXC93cC1jb250ZW50XC91cGxvYWRzXC8yMDI2XC8wN1wvVmFsZXJpZVJlZGluZ18wNV9tb25zdGVycy1zY2FsZWQuanBnIiwic2xpZGVzaG93IjoiOTdiYjc4MSJ9\">\n\t\t\t\t\t<div class=\"e-gallery-image elementor-gallery-item__image\" data-thumbnail=\"https:\/\/www.display-magazin.ch\/wp-content\/uploads\/2026\/07\/ValerieReding_05_monsters-scaled.jpg\" data-width=\"1725\" data-height=\"2560\" aria-label=\"\" role=\"img\" ><\/div>\n\t\t\t\t\t\t\t\t\t\t\t<div class=\"elementor-gallery-item__overlay\"><\/div>\n\t\t\t\t\t\t\t\t\t\t\t\t\t\t<\/a>\n\t\t\t\t\t\t\t<a class=\"e-gallery-item elementor-gallery-item elementor-animated-content\" href=\"https:\/\/www.display-magazin.ch\/wp-content\/uploads\/2026\/07\/ValerieReding_04_monsters-scaled.jpg\" data-elementor-open-lightbox=\"yes\" data-elementor-lightbox-slideshow=\"97bb781\" data-elementor-lightbox-title=\"Foto Valerie Reding @cardosowil_\" data-e-action-hash=\"#elementor-action%3Aaction%3Dlightbox%26settings%3DeyJpZCI6MjMwNjUsInVybCI6Imh0dHBzOlwvXC93d3cuZGlzcGxheS1tYWdhemluLmNoXC93cC1jb250ZW50XC91cGxvYWRzXC8yMDI2XC8wN1wvVmFsZXJpZVJlZGluZ18wNF9tb25zdGVycy1zY2FsZWQuanBnIiwic2xpZGVzaG93IjoiOTdiYjc4MSJ9\">\n\t\t\t\t\t<div class=\"e-gallery-image elementor-gallery-item__image\" data-thumbnail=\"https:\/\/www.display-magazin.ch\/wp-content\/uploads\/2026\/07\/ValerieReding_04_monsters-scaled.jpg\" data-width=\"1725\" data-height=\"2560\" aria-label=\"\" role=\"img\" ><\/div>\n\t\t\t\t\t\t\t\t\t\t\t<div class=\"elementor-gallery-item__overlay\"><\/div>\n\t\t\t\t\t\t\t\t\t\t\t\t\t\t<\/a>\n\t\t\t\t\t<\/div>\n\t\t\t\t\t<\/div>\n\t\t\t\t<div class=\"elementor-element elementor-element-e2c2e65 elementor-widget elementor-widget-text-editor\" data-id=\"e2c2e65\" data-element_type=\"widget\" data-e-type=\"widget\" data-widget_type=\"text-editor.default\">\n\t\t\t\t\t\t\t\t\t<p><strong>WO IST VALERIE REDING ZU SEHEN?<\/strong><\/p><p>Aktuelle Termine und Informationen ver\u00f6ffentlicht Valerie Reding laufend \u00fcber das eigene Instagram-Profil: <a href=\"https:\/\/www.instagram.com\/valerie.reding?utm_source=ig_web_button_share_sheet&amp;igsh=ZDNlZDc0MzIxNw==\" target=\"_blank\" rel=\"noopener\">valerie.reding<\/a><\/p>\t\t\t\t\t\t\t\t<\/div>\n\t\t\t\t<div class=\"elementor-element elementor-element-297d636 elementor-widget elementor-widget-gallery\" data-id=\"297d636\" data-element_type=\"widget\" data-e-type=\"widget\" data-settings=\"{&quot;gallery_layout&quot;:&quot;masonry&quot;,&quot;columns&quot;:3,&quot;lazyload&quot;:&quot;yes&quot;,&quot;columns_tablet&quot;:2,&quot;columns_mobile&quot;:1,&quot;gap&quot;:{&quot;unit&quot;:&quot;px&quot;,&quot;size&quot;:10,&quot;sizes&quot;:[]},&quot;gap_tablet&quot;:{&quot;unit&quot;:&quot;px&quot;,&quot;size&quot;:10,&quot;sizes&quot;:[]},&quot;gap_mobile&quot;:{&quot;unit&quot;:&quot;px&quot;,&quot;size&quot;:10,&quot;sizes&quot;:[]},&quot;link_to&quot;:&quot;file&quot;,&quot;overlay_background&quot;:&quot;yes&quot;,&quot;content_hover_animation&quot;:&quot;fade-in&quot;}\" data-widget_type=\"gallery.default\">\n\t\t\t\t\t\t\t<div class=\"elementor-gallery__container\">\n\t\t\t\t\t\t\t<a class=\"e-gallery-item elementor-gallery-item elementor-animated-content\" href=\"https:\/\/www.display-magazin.ch\/wp-content\/uploads\/2026\/07\/LukasBeyeler_PatrickMettraux_01-scaled.jpg\" data-elementor-open-lightbox=\"yes\" data-elementor-lightbox-slideshow=\"297d636\" data-elementor-lightbox-title=\"oto Lukas Beyeler | Patrick Mettraux IG scanadia\" data-e-action-hash=\"#elementor-action%3Aaction%3Dlightbox%26settings%3DeyJpZCI6MjMwNjYsInVybCI6Imh0dHBzOlwvXC93d3cuZGlzcGxheS1tYWdhemluLmNoXC93cC1jb250ZW50XC91cGxvYWRzXC8yMDI2XC8wN1wvTHVrYXNCZXllbGVyX1BhdHJpY2tNZXR0cmF1eF8wMS1zY2FsZWQuanBnIiwic2xpZGVzaG93IjoiMjk3ZDYzNiJ9\">\n\t\t\t\t\t<div class=\"e-gallery-image elementor-gallery-item__image\" data-thumbnail=\"https:\/\/www.display-magazin.ch\/wp-content\/uploads\/2026\/07\/LukasBeyeler_PatrickMettraux_01-scaled.jpg\" data-width=\"1707\" data-height=\"2560\" aria-label=\"\" role=\"img\" ><\/div>\n\t\t\t\t\t\t\t\t\t\t\t<div class=\"elementor-gallery-item__overlay\"><\/div>\n\t\t\t\t\t\t\t\t\t\t\t\t\t\t<\/a>\n\t\t\t\t\t\t\t<a class=\"e-gallery-item elementor-gallery-item elementor-animated-content\" href=\"https:\/\/www.display-magazin.ch\/wp-content\/uploads\/2026\/07\/ValerieReding_02_Mexico-scaled.jpg\" data-elementor-open-lightbox=\"yes\" data-elementor-lightbox-slideshow=\"297d636\" data-elementor-lightbox-title=\"Valerie Reding in Kollaboration mit Aron Smith und Manuel Mota\" data-e-action-hash=\"#elementor-action%3Aaction%3Dlightbox%26settings%3DeyJpZCI6MjMwNjcsInVybCI6Imh0dHBzOlwvXC93d3cuZGlzcGxheS1tYWdhemluLmNoXC93cC1jb250ZW50XC91cGxvYWRzXC8yMDI2XC8wN1wvVmFsZXJpZVJlZGluZ18wMl9NZXhpY28tc2NhbGVkLmpwZyIsInNsaWRlc2hvdyI6IjI5N2Q2MzYifQ%3D%3D\">\n\t\t\t\t\t<div class=\"e-gallery-image elementor-gallery-item__image\" data-thumbnail=\"https:\/\/www.display-magazin.ch\/wp-content\/uploads\/2026\/07\/ValerieReding_02_Mexico-scaled.jpg\" data-width=\"1707\" data-height=\"2560\" aria-label=\"\" role=\"img\" ><\/div>\n\t\t\t\t\t\t\t\t\t\t\t<div class=\"elementor-gallery-item__overlay\"><\/div>\n\t\t\t\t\t\t\t\t\t\t\t\t\t\t<\/a>\n\t\t\t\t\t\t\t<a class=\"e-gallery-item elementor-gallery-item elementor-animated-content\" href=\"https:\/\/www.display-magazin.ch\/wp-content\/uploads\/2026\/07\/ValerieReding_03_Mexico-scaled.jpg\" data-elementor-open-lightbox=\"yes\" data-elementor-lightbox-slideshow=\"297d636\" data-elementor-lightbox-title=\"Valerie Reding in Kollaboration mit Aron Smith und Manuel Mota\" data-e-action-hash=\"#elementor-action%3Aaction%3Dlightbox%26settings%3DeyJpZCI6MjMwNjgsInVybCI6Imh0dHBzOlwvXC93d3cuZGlzcGxheS1tYWdhemluLmNoXC93cC1jb250ZW50XC91cGxvYWRzXC8yMDI2XC8wN1wvVmFsZXJpZVJlZGluZ18wM19NZXhpY28tc2NhbGVkLmpwZyIsInNsaWRlc2hvdyI6IjI5N2Q2MzYifQ%3D%3D\">\n\t\t\t\t\t<div class=\"e-gallery-image elementor-gallery-item__image\" data-thumbnail=\"https:\/\/www.display-magazin.ch\/wp-content\/uploads\/2026\/07\/ValerieReding_03_Mexico-scaled.jpg\" data-width=\"1707\" data-height=\"2560\" aria-label=\"\" role=\"img\" ><\/div>\n\t\t\t\t\t\t\t\t\t\t\t<div class=\"elementor-gallery-item__overlay\"><\/div>\n\t\t\t\t\t\t\t\t\t\t\t\t\t\t<\/a>\n\t\t\t\t\t<\/div>\n\t\t\t\t\t<\/div>\n\t\t\t\t<div class=\"elementor-element elementor-element-c806fcb elementor-widget elementor-widget-text-editor\" data-id=\"c806fcb\" data-element_type=\"widget\" data-e-type=\"widget\" data-widget_type=\"text-editor.default\">\n\t\t\t\t\t\t\t\t\t<p><em><strong>Text Rico Sch\u00fcpbach, Buenos Aires<\/strong><\/em><\/p>\t\t\t\t\t\t\t\t<\/div>\n\t\t\t\t<\/div>\n\t\t\t\t\t<\/div>\n\t\t\t\t<\/div>\n\t\t\t\t<\/div>\n\t\t","protected":false},"excerpt":{"rendered":"<p>Des univers visuels puissants, de fantastiques transformations par le maquillage et le corps, des performances qui captivent le public: les travaux de Valerie Reding \u00e9voluent entre drag, danse, performance et arts visuels. DISPLAY a rencontr\u00e9 l&rsquo;artiste transdisciplinaire lors d&rsquo;un s\u00e9jour \u00e0 Buenos Aires.<\/p>\n","protected":false},"author":29,"featured_media":21205,"comment_status":"closed","ping_status":"open","sticky":false,"template":"","format":"standard","meta":{"footnotes":""},"categories":[489],"tags":[],"class_list":["post-22073","post","type-post","status-publish","format-standard","has-post-thumbnail","hentry","category-culture"],"yoast_head":"<!-- This site is optimized with the Yoast SEO plugin v27.9 - https:\/\/yoast.com\/product\/yoast-seo-wordpress\/ -->\n<title>Drag, genderqueer et pansexuel\u00b7le \u2013 Valerie Reding | DISPLAY Magazin<\/title>\n<meta name=\"description\" content=\"Des univers visuels puissants, de fantastiques transformations par le maquillage et le corps, des performances qui captivent le public: les travaux de Valerie Reding \u00e9voluent entre drag, danse, performance et arts visuels. DISPLAY a rencontr\u00e9 l&#039;artiste transdisciplinaire lors d&#039;un s\u00e9jour \u00e0 Buenos Aires.\" \/>\n<meta name=\"robots\" content=\"index, follow, max-snippet:-1, max-image-preview:large, max-video-preview:-1\" \/>\n<link rel=\"canonical\" href=\"https:\/\/www.display-magazin.ch\/fr\/valerie-reding-drag-performance-art\/\" \/>\n<meta property=\"og:locale\" content=\"fr_FR\" \/>\n<meta property=\"og:type\" content=\"article\" \/>\n<meta property=\"og:title\" content=\"Drag, genderqueer et pansexuel\u00b7le \u2013 Valerie Reding | DISPLAY Magazin\" \/>\n<meta property=\"og:description\" content=\"Des univers visuels puissants, de fantastiques transformations par le maquillage et le corps, des performances qui captivent le public: les travaux de Valerie Reding \u00e9voluent entre drag, danse, performance et arts visuels. DISPLAY a rencontr\u00e9 l&#039;artiste transdisciplinaire lors d&#039;un s\u00e9jour \u00e0 Buenos Aires.\" \/>\n<meta property=\"og:url\" content=\"https:\/\/www.display-magazin.ch\/fr\/valerie-reding-drag-performance-art\/\" \/>\n<meta property=\"og:site_name\" content=\"DISPLAY Magazin\" \/>\n<meta property=\"article:publisher\" content=\"https:\/\/www.facebook.com\/displaymagazin\" \/>\n<meta property=\"article:published_time\" content=\"2026-08-24T11:34:55+00:00\" \/>\n<meta property=\"og:image\" content=\"https:\/\/www.display-magazin.ch\/wp-content\/uploads\/2026\/07\/ManuelMota_01-scaled-e1783330697152.jpg\" \/>\n\t<meta property=\"og:image:width\" content=\"2155\" \/>\n\t<meta property=\"og:image:height\" content=\"1442\" \/>\n\t<meta property=\"og:image:type\" content=\"image\/jpeg\" \/>\n<meta name=\"author\" content=\"Rico Sch\u00fcpbach\" \/>\n<meta name=\"twitter:card\" content=\"summary_large_image\" \/>\n<meta name=\"twitter:label1\" content=\"\u00c9crit par\" \/>\n\t<meta name=\"twitter:data1\" content=\"Rico Sch\u00fcpbach\" \/>\n\t<meta name=\"twitter:label2\" content=\"Dur\u00e9e de lecture estim\u00e9e\" \/>\n\t<meta name=\"twitter:data2\" content=\"4 minutes\" \/>\n<script type=\"application\/ld+json\" class=\"yoast-schema-graph\">{\"@context\":\"https:\\\/\\\/schema.org\",\"@graph\":[{\"@type\":\"Article\",\"@id\":\"https:\\\/\\\/www.display-magazin.ch\\\/fr\\\/valerie-reding-drag-performance-art\\\/#article\",\"isPartOf\":{\"@id\":\"https:\\\/\\\/www.display-magazin.ch\\\/fr\\\/valerie-reding-drag-performance-art\\\/\"},\"author\":{\"name\":\"Rico Sch\u00fcpbach\",\"@id\":\"https:\\\/\\\/www.display-magazin.ch\\\/fr\\\/#\\\/schema\\\/person\\\/4deaf201c977466886cd3fe93b804528\"},\"headline\":\"Drag, genderqueer et pansexuel\u00b7le \u2013 Valerie Reding\",\"datePublished\":\"2026-08-24T11:34:55+00:00\",\"mainEntityOfPage\":{\"@id\":\"https:\\\/\\\/www.display-magazin.ch\\\/fr\\\/valerie-reding-drag-performance-art\\\/\"},\"wordCount\":819,\"publisher\":{\"@id\":\"https:\\\/\\\/www.display-magazin.ch\\\/fr\\\/#organization\"},\"image\":{\"@id\":\"https:\\\/\\\/www.display-magazin.ch\\\/fr\\\/valerie-reding-drag-performance-art\\\/#primaryimage\"},\"thumbnailUrl\":\"https:\\\/\\\/www.display-magazin.ch\\\/wp-content\\\/uploads\\\/2026\\\/07\\\/ManuelMota_01-scaled-e1783330697152.jpg\",\"articleSection\":[\"Culture\"],\"inLanguage\":\"fr-FR\"},{\"@type\":\"WebPage\",\"@id\":\"https:\\\/\\\/www.display-magazin.ch\\\/fr\\\/valerie-reding-drag-performance-art\\\/\",\"url\":\"https:\\\/\\\/www.display-magazin.ch\\\/fr\\\/valerie-reding-drag-performance-art\\\/\",\"name\":\"Drag, genderqueer et pansexuel\u00b7le \u2013 Valerie Reding | DISPLAY Magazin\",\"isPartOf\":{\"@id\":\"https:\\\/\\\/www.display-magazin.ch\\\/fr\\\/#website\"},\"primaryImageOfPage\":{\"@id\":\"https:\\\/\\\/www.display-magazin.ch\\\/fr\\\/valerie-reding-drag-performance-art\\\/#primaryimage\"},\"image\":{\"@id\":\"https:\\\/\\\/www.display-magazin.ch\\\/fr\\\/valerie-reding-drag-performance-art\\\/#primaryimage\"},\"thumbnailUrl\":\"https:\\\/\\\/www.display-magazin.ch\\\/wp-content\\\/uploads\\\/2026\\\/07\\\/ManuelMota_01-scaled-e1783330697152.jpg\",\"datePublished\":\"2026-08-24T11:34:55+00:00\",\"description\":\"Des univers visuels puissants, de fantastiques transformations par le maquillage et le corps, des performances qui captivent le public: les travaux de Valerie Reding \u00e9voluent entre drag, danse, performance et arts visuels. DISPLAY a rencontr\u00e9 l'artiste transdisciplinaire lors d'un s\u00e9jour \u00e0 Buenos Aires.\",\"breadcrumb\":{\"@id\":\"https:\\\/\\\/www.display-magazin.ch\\\/fr\\\/valerie-reding-drag-performance-art\\\/#breadcrumb\"},\"inLanguage\":\"fr-FR\",\"potentialAction\":[{\"@type\":\"ReadAction\",\"target\":[\"https:\\\/\\\/www.display-magazin.ch\\\/fr\\\/valerie-reding-drag-performance-art\\\/\"]}]},{\"@type\":\"ImageObject\",\"inLanguage\":\"fr-FR\",\"@id\":\"https:\\\/\\\/www.display-magazin.ch\\\/fr\\\/valerie-reding-drag-performance-art\\\/#primaryimage\",\"url\":\"https:\\\/\\\/www.display-magazin.ch\\\/wp-content\\\/uploads\\\/2026\\\/07\\\/ManuelMota_01-scaled-e1783330697152.jpg\",\"contentUrl\":\"https:\\\/\\\/www.display-magazin.ch\\\/wp-content\\\/uploads\\\/2026\\\/07\\\/ManuelMota_01-scaled-e1783330697152.jpg\",\"width\":2155,\"height\":1442,\"caption\":\"Foto: Manuel Mota\"},{\"@type\":\"BreadcrumbList\",\"@id\":\"https:\\\/\\\/www.display-magazin.ch\\\/fr\\\/valerie-reding-drag-performance-art\\\/#breadcrumb\",\"itemListElement\":[{\"@type\":\"ListItem\",\"position\":1,\"name\":\"Startseite\",\"item\":\"https:\\\/\\\/www.display-magazin.ch\\\/fr\\\/home\\\/\"},{\"@type\":\"ListItem\",\"position\":2,\"name\":\"Drag, genderqueer et pansexuel\u00b7le \u2013 Valerie Reding\"}]},{\"@type\":\"WebSite\",\"@id\":\"https:\\\/\\\/www.display-magazin.ch\\\/fr\\\/#website\",\"url\":\"https:\\\/\\\/www.display-magazin.ch\\\/fr\\\/\",\"name\":\"DISPLAY Magazin\",\"description\":\"Das Schweizer Lifestyle-Magazin f\u00fcr Gay and Friends\",\"publisher\":{\"@id\":\"https:\\\/\\\/www.display-magazin.ch\\\/fr\\\/#organization\"},\"potentialAction\":[{\"@type\":\"SearchAction\",\"target\":{\"@type\":\"EntryPoint\",\"urlTemplate\":\"https:\\\/\\\/www.display-magazin.ch\\\/fr\\\/?s={search_term_string}\"},\"query-input\":{\"@type\":\"PropertyValueSpecification\",\"valueRequired\":true,\"valueName\":\"search_term_string\"}}],\"inLanguage\":\"fr-FR\"},{\"@type\":\"Organization\",\"@id\":\"https:\\\/\\\/www.display-magazin.ch\\\/fr\\\/#organization\",\"name\":\"DISPLAY Magazin\",\"url\":\"https:\\\/\\\/www.display-magazin.ch\\\/fr\\\/\",\"logo\":{\"@type\":\"ImageObject\",\"inLanguage\":\"fr-FR\",\"@id\":\"https:\\\/\\\/www.display-magazin.ch\\\/fr\\\/#\\\/schema\\\/logo\\\/image\\\/\",\"url\":\"https:\\\/\\\/www.display-magazin.ch\\\/wp-content\\\/uploads\\\/2026\\\/03\\\/display_web-logo.png\",\"contentUrl\":\"https:\\\/\\\/www.display-magazin.ch\\\/wp-content\\\/uploads\\\/2026\\\/03\\\/display_web-logo.png\",\"width\":411,\"height\":546,\"caption\":\"DISPLAY Magazin\"},\"image\":{\"@id\":\"https:\\\/\\\/www.display-magazin.ch\\\/fr\\\/#\\\/schema\\\/logo\\\/image\\\/\"},\"sameAs\":[\"https:\\\/\\\/www.facebook.com\\\/displaymagazin\",\"https:\\\/\\\/www.instagram.com\\\/display.magazin\\\/\"]},{\"@type\":\"Person\",\"@id\":\"https:\\\/\\\/www.display-magazin.ch\\\/fr\\\/#\\\/schema\\\/person\\\/4deaf201c977466886cd3fe93b804528\",\"name\":\"Rico Sch\u00fcpbach\",\"image\":{\"@type\":\"ImageObject\",\"inLanguage\":\"fr-FR\",\"@id\":\"https:\\\/\\\/www.display-magazin.ch\\\/wp-content\\\/uploads\\\/2026\\\/03\\\/logo_ohneSchrift-e1774598483338-100x100.png\",\"url\":\"https:\\\/\\\/www.display-magazin.ch\\\/wp-content\\\/uploads\\\/2026\\\/03\\\/logo_ohneSchrift-e1774598483338-100x100.png\",\"contentUrl\":\"https:\\\/\\\/www.display-magazin.ch\\\/wp-content\\\/uploads\\\/2026\\\/03\\\/logo_ohneSchrift-e1774598483338-100x100.png\",\"caption\":\"Rico Sch\u00fcpbach\"},\"description\":\"Redaktion\"}]}<\/script>\n<!-- \/ Yoast SEO plugin. -->","yoast_head_json":{"title":"Drag, genderqueer et pansexuel\u00b7le \u2013 Valerie Reding | DISPLAY Magazin","description":"Des univers visuels puissants, de fantastiques transformations par le maquillage et le corps, des performances qui captivent le public: les travaux de Valerie Reding \u00e9voluent entre drag, danse, performance et arts visuels. DISPLAY a rencontr\u00e9 l'artiste transdisciplinaire lors d'un s\u00e9jour \u00e0 Buenos Aires.","robots":{"index":"index","follow":"follow","max-snippet":"max-snippet:-1","max-image-preview":"max-image-preview:large","max-video-preview":"max-video-preview:-1"},"canonical":"https:\/\/www.display-magazin.ch\/fr\/valerie-reding-drag-performance-art\/","og_locale":"fr_FR","og_type":"article","og_title":"Drag, genderqueer et pansexuel\u00b7le \u2013 Valerie Reding | DISPLAY Magazin","og_description":"Des univers visuels puissants, de fantastiques transformations par le maquillage et le corps, des performances qui captivent le public: les travaux de Valerie Reding \u00e9voluent entre drag, danse, performance et arts visuels. DISPLAY a rencontr\u00e9 l'artiste transdisciplinaire lors d'un s\u00e9jour \u00e0 Buenos Aires.","og_url":"https:\/\/www.display-magazin.ch\/fr\/valerie-reding-drag-performance-art\/","og_site_name":"DISPLAY Magazin","article_publisher":"https:\/\/www.facebook.com\/displaymagazin","article_published_time":"2026-08-24T11:34:55+00:00","og_image":[{"width":2155,"height":1442,"url":"https:\/\/www.display-magazin.ch\/wp-content\/uploads\/2026\/07\/ManuelMota_01-scaled-e1783330697152.jpg","type":"image\/jpeg"}],"author":"Rico Sch\u00fcpbach","twitter_card":"summary_large_image","twitter_misc":{"\u00c9crit par":"Rico Sch\u00fcpbach","Dur\u00e9e de lecture estim\u00e9e":"4 minutes"},"schema":{"@context":"https:\/\/schema.org","@graph":[{"@type":"Article","@id":"https:\/\/www.display-magazin.ch\/fr\/valerie-reding-drag-performance-art\/#article","isPartOf":{"@id":"https:\/\/www.display-magazin.ch\/fr\/valerie-reding-drag-performance-art\/"},"author":{"name":"Rico Sch\u00fcpbach","@id":"https:\/\/www.display-magazin.ch\/fr\/#\/schema\/person\/4deaf201c977466886cd3fe93b804528"},"headline":"Drag, genderqueer et pansexuel\u00b7le \u2013 Valerie Reding","datePublished":"2026-08-24T11:34:55+00:00","mainEntityOfPage":{"@id":"https:\/\/www.display-magazin.ch\/fr\/valerie-reding-drag-performance-art\/"},"wordCount":819,"publisher":{"@id":"https:\/\/www.display-magazin.ch\/fr\/#organization"},"image":{"@id":"https:\/\/www.display-magazin.ch\/fr\/valerie-reding-drag-performance-art\/#primaryimage"},"thumbnailUrl":"https:\/\/www.display-magazin.ch\/wp-content\/uploads\/2026\/07\/ManuelMota_01-scaled-e1783330697152.jpg","articleSection":["Culture"],"inLanguage":"fr-FR"},{"@type":"WebPage","@id":"https:\/\/www.display-magazin.ch\/fr\/valerie-reding-drag-performance-art\/","url":"https:\/\/www.display-magazin.ch\/fr\/valerie-reding-drag-performance-art\/","name":"Drag, genderqueer et pansexuel\u00b7le \u2013 Valerie Reding | DISPLAY Magazin","isPartOf":{"@id":"https:\/\/www.display-magazin.ch\/fr\/#website"},"primaryImageOfPage":{"@id":"https:\/\/www.display-magazin.ch\/fr\/valerie-reding-drag-performance-art\/#primaryimage"},"image":{"@id":"https:\/\/www.display-magazin.ch\/fr\/valerie-reding-drag-performance-art\/#primaryimage"},"thumbnailUrl":"https:\/\/www.display-magazin.ch\/wp-content\/uploads\/2026\/07\/ManuelMota_01-scaled-e1783330697152.jpg","datePublished":"2026-08-24T11:34:55+00:00","description":"Des univers visuels puissants, de fantastiques transformations par le maquillage et le corps, des performances qui captivent le public: les travaux de Valerie Reding \u00e9voluent entre drag, danse, performance et arts visuels. DISPLAY a rencontr\u00e9 l'artiste transdisciplinaire lors d'un s\u00e9jour \u00e0 Buenos Aires.","breadcrumb":{"@id":"https:\/\/www.display-magazin.ch\/fr\/valerie-reding-drag-performance-art\/#breadcrumb"},"inLanguage":"fr-FR","potentialAction":[{"@type":"ReadAction","target":["https:\/\/www.display-magazin.ch\/fr\/valerie-reding-drag-performance-art\/"]}]},{"@type":"ImageObject","inLanguage":"fr-FR","@id":"https:\/\/www.display-magazin.ch\/fr\/valerie-reding-drag-performance-art\/#primaryimage","url":"https:\/\/www.display-magazin.ch\/wp-content\/uploads\/2026\/07\/ManuelMota_01-scaled-e1783330697152.jpg","contentUrl":"https:\/\/www.display-magazin.ch\/wp-content\/uploads\/2026\/07\/ManuelMota_01-scaled-e1783330697152.jpg","width":2155,"height":1442,"caption":"Foto: Manuel Mota"},{"@type":"BreadcrumbList","@id":"https:\/\/www.display-magazin.ch\/fr\/valerie-reding-drag-performance-art\/#breadcrumb","itemListElement":[{"@type":"ListItem","position":1,"name":"Startseite","item":"https:\/\/www.display-magazin.ch\/fr\/home\/"},{"@type":"ListItem","position":2,"name":"Drag, genderqueer et pansexuel\u00b7le \u2013 Valerie Reding"}]},{"@type":"WebSite","@id":"https:\/\/www.display-magazin.ch\/fr\/#website","url":"https:\/\/www.display-magazin.ch\/fr\/","name":"DISPLAY Magazin","description":"Das Schweizer Lifestyle-Magazin f\u00fcr Gay and Friends","publisher":{"@id":"https:\/\/www.display-magazin.ch\/fr\/#organization"},"potentialAction":[{"@type":"SearchAction","target":{"@type":"EntryPoint","urlTemplate":"https:\/\/www.display-magazin.ch\/fr\/?s={search_term_string}"},"query-input":{"@type":"PropertyValueSpecification","valueRequired":true,"valueName":"search_term_string"}}],"inLanguage":"fr-FR"},{"@type":"Organization","@id":"https:\/\/www.display-magazin.ch\/fr\/#organization","name":"DISPLAY Magazin","url":"https:\/\/www.display-magazin.ch\/fr\/","logo":{"@type":"ImageObject","inLanguage":"fr-FR","@id":"https:\/\/www.display-magazin.ch\/fr\/#\/schema\/logo\/image\/","url":"https:\/\/www.display-magazin.ch\/wp-content\/uploads\/2026\/03\/display_web-logo.png","contentUrl":"https:\/\/www.display-magazin.ch\/wp-content\/uploads\/2026\/03\/display_web-logo.png","width":411,"height":546,"caption":"DISPLAY Magazin"},"image":{"@id":"https:\/\/www.display-magazin.ch\/fr\/#\/schema\/logo\/image\/"},"sameAs":["https:\/\/www.facebook.com\/displaymagazin","https:\/\/www.instagram.com\/display.magazin\/"]},{"@type":"Person","@id":"https:\/\/www.display-magazin.ch\/fr\/#\/schema\/person\/4deaf201c977466886cd3fe93b804528","name":"Rico Sch\u00fcpbach","image":{"@type":"ImageObject","inLanguage":"fr-FR","@id":"https:\/\/www.display-magazin.ch\/wp-content\/uploads\/2026\/03\/logo_ohneSchrift-e1774598483338-100x100.png","url":"https:\/\/www.display-magazin.ch\/wp-content\/uploads\/2026\/03\/logo_ohneSchrift-e1774598483338-100x100.png","contentUrl":"https:\/\/www.display-magazin.ch\/wp-content\/uploads\/2026\/03\/logo_ohneSchrift-e1774598483338-100x100.png","caption":"Rico Sch\u00fcpbach"},"description":"Redaktion"}]}},"publishpress_future_action":{"enabled":false,"date":"2026-09-08 09:40:45","action":"change-status","newStatus":"draft","terms":[],"taxonomy":"category","extraData":[]},"publishpress_future_workflow_manual_trigger":{"enabledWorkflows":[]},"_links":{"self":[{"href":"https:\/\/www.display-magazin.ch\/fr\/wp-json\/wp\/v2\/posts\/22073","targetHints":{"allow":["GET"]}}],"collection":[{"href":"https:\/\/www.display-magazin.ch\/fr\/wp-json\/wp\/v2\/posts"}],"about":[{"href":"https:\/\/www.display-magazin.ch\/fr\/wp-json\/wp\/v2\/types\/post"}],"author":[{"embeddable":true,"href":"https:\/\/www.display-magazin.ch\/fr\/wp-json\/wp\/v2\/users\/29"}],"replies":[{"embeddable":true,"href":"https:\/\/www.display-magazin.ch\/fr\/wp-json\/wp\/v2\/comments?post=22073"}],"version-history":[{"count":0,"href":"https:\/\/www.display-magazin.ch\/fr\/wp-json\/wp\/v2\/posts\/22073\/revisions"}],"wp:featuredmedia":[{"embeddable":true,"href":"https:\/\/www.display-magazin.ch\/fr\/wp-json\/wp\/v2\/media\/21205"}],"wp:attachment":[{"href":"https:\/\/www.display-magazin.ch\/fr\/wp-json\/wp\/v2\/media?parent=22073"}],"wp:term":[{"taxonomy":"category","embeddable":true,"href":"https:\/\/www.display-magazin.ch\/fr\/wp-json\/wp\/v2\/categories?post=22073"},{"taxonomy":"post_tag","embeddable":true,"href":"https:\/\/www.display-magazin.ch\/fr\/wp-json\/wp\/v2\/tags?post=22073"}],"curies":[{"name":"wp","href":"https:\/\/api.w.org\/{rel}","templated":true}]}}